{"id":23471,"date":"2023-07-25T10:23:41","date_gmt":"2023-07-25T14:23:41","guid":{"rendered":"https:\/\/diariolajornada.com\/?p=23471"},"modified":"2023-07-25T10:23:41","modified_gmt":"2023-07-25T14:23:41","slug":"mas-de-240-metros-de-colectores-se-sustituyen-en-la-parroquia-los-tacariguas","status":"publish","type":"post","link":"https:\/\/diariolajornada.com\/?p=23471","title":{"rendered":"M\u00e1s de 240 metros de colectores se sustituyen en la parroquia los Tacariguas"},"content":{"rendered":"<p><strong>@diariojornada<\/strong><\/p>\n<p><strong>Diario La Jornada.<\/strong> &#8211; El Alcalde Rafael Morales cumpliendo con las orientaciones del Presidente Nicol\u00e1s Maduro en atender y mejorar los servicios p\u00fablicos a trav\u00e9s del sistema 1&#215;10 del Buen Gobierno, se sustituyen 240 metros lineales de colectores en la Parroquia Los Tacariguas.<\/p>\n<p>A trav\u00e9s de la empresa municipal de ConstruGirardot, se sigue dando respuesta inmediata y oportuna gracias a los reportes generados por las comunidades de los diferentes sectores\u00a0 que integran la capital arag\u00fce\u00f1a, donde cada d\u00eda se busca minimizar las problem\u00e1ticas en referencia a este servicio p\u00fablico, para as\u00ed garantizar el buen vivir de todos los maracayeros.<\/p>\n<p>Entre los puntos atendidos se encuentra la calle Negro Primero de 23 de Enero Norte y la avenida 105-A de La Coromoto, donde se ejecuta el reemplazo de 100 y 140 metros de tuber\u00eda 10\u201d respectivamente, en este \u00faltimo lugar se estima colocar aproximadamente 16 empotramientos con tuber\u00eda de 6\u201d.<\/p>\n<p>Por su parte vecinos de estas localidades agradecieron al Presidente Nicol\u00e1s Maduro, por la creaci\u00f3n de este sistema que cada d\u00eda afirma su efectividad y beneficio para el pueblo venezolano\u00a0 \u201ctodos los vecinos mostramos nuestra satisfacci\u00f3n por la gesti\u00f3n y respuesta a tiempo del Alcalde Rafael Morales y su equipo de gobierno\u201d expres\u00f3 Herginia De Parra, habitante de la comunidad 23 de Enero.<\/p>\n<p>Asimismo la se\u00f1ora Amelia Castillo, vecina de La Coromoto manifest\u00f3 \u201cEn esta calle no s\u00f3lo nos est\u00e1n haciendo la sustituci\u00f3n de la tuber\u00eda de colector, sino que tambi\u00e9n realizaran el reemplazo de los empotramientos, un trabajo bien completo que nos garantizara un mejor servicios para todos los vecinos\u201d.<\/p>\n","protected":false},"excerpt":{"rendered":"<p>@diariojornada Diario La Jornada. &#8211; El Alcalde Rafael Morales cumpliendo con las orientaciones del Presidente Nicol\u00e1s Maduro en atender y mejorar los servicios p\u00fablicos a trav\u00e9s del sistema 1&#215;10 del Buen Gobierno, se sustituyen 240 metros lineales de colectores en la Parroquia Los Tacariguas. A trav\u00e9s de la empresa municipal de ConstruGirardot, se sigue dando [&hellip;]<\/p>\n","protected":false},"author":1,"featured_media":23472,"comment_status":"open","ping_status":"open","sticky":false,"template":"","format":"standard","meta":{"footnotes":""},"categories":[9],"tags":[],"class_list":["post-23471","post","type-post","status-publish","format-standard","has-post-thumbnail","hentry","category-regionales"],"yoast_head":"<!-- This site is optimized with the Yoast SEO plugin v24.4 - https:\/\/yoast.com\/wordpress\/plugins\/seo\/ -->\n<title>M\u00e1s de 240 metros de colectores se sustituyen en la parroquia los Tacariguas - Diario La Jornada<\/title>\n<meta name=\"robots\" content=\"index, follow, max-snippet:-1, max-image-preview:large, max-video-preview:-1\" \/>\n<link rel=\"canonical\" href=\"https:\/\/diariolajornada.com\/?p=23471\" \/>\n<meta property=\"og:locale\" content=\"es_ES\" \/>\n<meta property=\"og:type\" content=\"article\" \/>\n<meta property=\"og:title\" content=\"M\u00e1s de 240 metros de colectores se sustituyen en la parroquia los Tacariguas - Diario La Jornada\" \/>\n<meta property=\"og:description\" content=\"@diariojornada Diario La Jornada. &#8211; El Alcalde Rafael Morales cumpliendo con las orientaciones del Presidente Nicol\u00e1s Maduro en atender y mejorar los servicios p\u00fablicos a trav\u00e9s del sistema 1&#215;10 del Buen Gobierno, se sustituyen 240 metros lineales de colectores en la Parroquia Los Tacariguas. A trav\u00e9s de la empresa municipal de ConstruGirardot, se sigue dando [&hellip;]\" \/>\n<meta property=\"og:url\" content=\"https:\/\/diariolajornada.com\/?p=23471\" \/>\n<meta property=\"og:site_name\" content=\"Diario La Jornada\" \/>\n<meta property=\"article:publisher\" content=\"https:\/\/es-la.facebook.com\/lajornadadeguarico\/\" \/>\n<meta property=\"article:published_time\" content=\"2023-07-25T14:23:41+00:00\" \/>\n<meta property=\"og:image\" content=\"https:\/\/diariolajornada.com\/wp-content\/uploads\/2023\/07\/IMG-20230720-WA0111.jpg\" \/>\n\t<meta property=\"og:image:width\" content=\"1600\" \/>\n\t<meta property=\"og:image:height\" content=\"1066\" \/>\n\t<meta property=\"og:image:type\" content=\"image\/jpeg\" \/>\n<meta name=\"author\" content=\"admin\" \/>\n<meta name=\"twitter:card\" content=\"summary_large_image\" \/>\n<meta name=\"twitter:label1\" content=\"Escrito por\" \/>\n\t<meta name=\"twitter:data1\" content=\"admin\" \/>\n\t<meta name=\"twitter:label2\" content=\"Tiempo de lectura\" \/>\n\t<meta name=\"twitter:data2\" content=\"1 minuto\" \/>\n<script type=\"application\/ld+json\" class=\"yoast-schema-graph\">{\"@context\":\"https:\/\/schema.org\",\"@graph\":[{\"@type\":\"Article\",\"@id\":\"https:\/\/diariolajornada.com\/?p=23471#article\",\"isPartOf\":{\"@id\":\"https:\/\/diariolajornada.com\/?p=23471\"},\"author\":{\"name\":\"admin\",\"@id\":\"https:\/\/diariolajornada.com\/#\/schema\/person\/83fc9ad02376abb532ce4553a399186b\"},\"headline\":\"M\u00e1s de 240 metros de colectores se sustituyen en la parroquia los Tacariguas\",\"datePublished\":\"2023-07-25T14:23:41+00:00\",\"mainEntityOfPage\":{\"@id\":\"https:\/\/diariolajornada.com\/?p=23471\"},\"wordCount\":288,\"commentCount\":0,\"publisher\":{\"@id\":\"https:\/\/diariolajornada.com\/#organization\"},\"image\":{\"@id\":\"https:\/\/diariolajornada.com\/?p=23471#primaryimage\"},\"thumbnailUrl\":\"https:\/\/diariolajornada.com\/wp-content\/uploads\/2023\/07\/IMG-20230720-WA0111.jpg\",\"articleSection\":[\"Regionales\"],\"inLanguage\":\"es\",\"potentialAction\":[{\"@type\":\"CommentAction\",\"name\":\"Comment\",\"target\":[\"https:\/\/diariolajornada.com\/?p=23471#respond\"]}]},{\"@type\":\"WebPage\",\"@id\":\"https:\/\/diariolajornada.com\/?p=23471\",\"url\":\"https:\/\/diariolajornada.com\/?p=23471\",\"name\":\"M\u00e1s de 240 metros de colectores se sustituyen en la parroquia los Tacariguas - Diario La Jornada\",\"isPartOf\":{\"@id\":\"https:\/\/diariolajornada.com\/#website\"},\"primaryImageOfPage\":{\"@id\":\"https:\/\/diariolajornada.com\/?p=23471#primaryimage\"},\"image\":{\"@id\":\"https:\/\/diariolajornada.com\/?p=23471#primaryimage\"},\"thumbnailUrl\":\"https:\/\/diariolajornada.com\/wp-content\/uploads\/2023\/07\/IMG-20230720-WA0111.jpg\",\"datePublished\":\"2023-07-25T14:23:41+00:00\",\"breadcrumb\":{\"@id\":\"https:\/\/diariolajornada.com\/?p=23471#breadcrumb\"},\"inLanguage\":\"es\",\"potentialAction\":[{\"@type\":\"ReadAction\",\"target\":[\"https:\/\/diariolajornada.com\/?p=23471\"]}]},{\"@type\":\"ImageObject\",\"inLanguage\":\"es\",\"@id\":\"https:\/\/diariolajornada.com\/?p=23471#primaryimage\",\"url\":\"https:\/\/diariolajornada.com\/wp-content\/uploads\/2023\/07\/IMG-20230720-WA0111.jpg\",\"contentUrl\":\"https:\/\/diariolajornada.com\/wp-content\/uploads\/2023\/07\/IMG-20230720-WA0111.jpg\",\"width\":1600,\"height\":1066},{\"@type\":\"BreadcrumbList\",\"@id\":\"https:\/\/diariolajornada.com\/?p=23471#breadcrumb\",\"itemListElement\":[{\"@type\":\"ListItem\",\"position\":1,\"name\":\"Portada\",\"item\":\"https:\/\/diariolajornada.com\/\"},{\"@type\":\"ListItem\",\"position\":2,\"name\":\"M\u00e1s de 240 metros de colectores se sustituyen en la parroquia los Tacariguas\"}]},{\"@type\":\"WebSite\",\"@id\":\"https:\/\/diariolajornada.com\/#website\",\"url\":\"https:\/\/diariolajornada.com\/\",\"name\":\"Diario La Jornada\",\"description\":\"Noticias Nacionales Regionales e Internacionales\",\"publisher\":{\"@id\":\"https:\/\/diariolajornada.com\/#organization\"},\"potentialAction\":[{\"@type\":\"SearchAction\",\"target\":{\"@type\":\"EntryPoint\",\"urlTemplate\":\"https:\/\/diariolajornada.com\/?s={search_term_string}\"},\"query-input\":{\"@type\":\"PropertyValueSpecification\",\"valueRequired\":true,\"valueName\":\"search_term_string\"}}],\"inLanguage\":\"es\"},{\"@type\":\"Organization\",\"@id\":\"https:\/\/diariolajornada.com\/#organization\",\"name\":\"Diario La Jornada\",\"url\":\"https:\/\/diariolajornada.com\/\",\"logo\":{\"@type\":\"ImageObject\",\"inLanguage\":\"es\",\"@id\":\"https:\/\/diariolajornada.com\/#\/schema\/logo\/image\/\",\"url\":\"https:\/\/diariolajornada.com\/wp-content\/uploads\/2021\/06\/LOGO-JORNADA-SVG-01-02.svg\",\"contentUrl\":\"https:\/\/diariolajornada.com\/wp-content\/uploads\/2021\/06\/LOGO-JORNADA-SVG-01-02.svg\",\"width\":350,\"height\":100,\"caption\":\"Diario La Jornada\"},\"image\":{\"@id\":\"https:\/\/diariolajornada.com\/#\/schema\/logo\/image\/\"},\"sameAs\":[\"https:\/\/es-la.facebook.com\/lajornadadeguarico\/\",\"https:\/\/www.instagram.com\/diariojornada\/?hl=es\"]},{\"@type\":\"Person\",\"@id\":\"https:\/\/diariolajornada.com\/#\/schema\/person\/83fc9ad02376abb532ce4553a399186b\",\"name\":\"admin\",\"image\":{\"@type\":\"ImageObject\",\"inLanguage\":\"es\",\"@id\":\"https:\/\/diariolajornada.com\/#\/schema\/person\/image\/\",\"url\":\"https:\/\/secure.gravatar.com\/avatar\/fdcecb87f300ccb988450328a61211f10a01c8bfedfca54e932145534024045b?s=96&d=mm&r=g\",\"contentUrl\":\"https:\/\/secure.gravatar.com\/avatar\/fdcecb87f300ccb988450328a61211f10a01c8bfedfca54e932145534024045b?s=96&d=mm&r=g\",\"caption\":\"admin\"},\"sameAs\":[\"https:\/\/diariolajornada.com\"],\"url\":\"https:\/\/diariolajornada.com\/?author=1\"}]}<\/script>\n<!-- \/ Yoast SEO plugin. -->","yoast_head_json":{"title":"M\u00e1s de 240 metros de colectores se sustituyen en la parroquia los Tacariguas - Diario La Jornada","robots":{"index":"index","follow":"follow","max-snippet":"max-snippet:-1","max-image-preview":"max-image-preview:large","max-video-preview":"max-video-preview:-1"},"canonical":"https:\/\/diariolajornada.com\/?p=23471","og_locale":"es_ES","og_type":"article","og_title":"M\u00e1s de 240 metros de colectores se sustituyen en la parroquia los Tacariguas - Diario La Jornada","og_description":"@diariojornada Diario La Jornada. &#8211; El Alcalde Rafael Morales cumpliendo con las orientaciones del Presidente Nicol\u00e1s Maduro en atender y mejorar los servicios p\u00fablicos a trav\u00e9s del sistema 1&#215;10 del Buen Gobierno, se sustituyen 240 metros lineales de colectores en la Parroquia Los Tacariguas. A trav\u00e9s de la empresa municipal de ConstruGirardot, se sigue dando [&hellip;]","og_url":"https:\/\/diariolajornada.com\/?p=23471","og_site_name":"Diario La Jornada","article_publisher":"https:\/\/es-la.facebook.com\/lajornadadeguarico\/","article_published_time":"2023-07-25T14:23:41+00:00","og_image":[{"width":1600,"height":1066,"url":"https:\/\/diariolajornada.com\/wp-content\/uploads\/2023\/07\/IMG-20230720-WA0111.jpg","type":"image\/jpeg"}],"author":"admin","twitter_card":"summary_large_image","twitter_misc":{"Escrito por":"admin","Tiempo de lectura":"1 minuto"},"schema":{"@context":"https:\/\/schema.org","@graph":[{"@type":"Article","@id":"https:\/\/diariolajornada.com\/?p=23471#article","isPartOf":{"@id":"https:\/\/diariolajornada.com\/?p=23471"},"author":{"name":"admin","@id":"https:\/\/diariolajornada.com\/#\/schema\/person\/83fc9ad02376abb532ce4553a399186b"},"headline":"M\u00e1s de 240 metros de colectores se sustituyen en la parroquia los Tacariguas","datePublished":"2023-07-25T14:23:41+00:00","mainEntityOfPage":{"@id":"https:\/\/diariolajornada.com\/?p=23471"},"wordCount":288,"commentCount":0,"publisher":{"@id":"https:\/\/diariolajornada.com\/#organization"},"image":{"@id":"https:\/\/diariolajornada.com\/?p=23471#primaryimage"},"thumbnailUrl":"https:\/\/diariolajornada.com\/wp-content\/uploads\/2023\/07\/IMG-20230720-WA0111.jpg","articleSection":["Regionales"],"inLanguage":"es","potentialAction":[{"@type":"CommentAction","name":"Comment","target":["https:\/\/diariolajornada.com\/?p=23471#respond"]}]},{"@type":"WebPage","@id":"https:\/\/diariolajornada.com\/?p=23471","url":"https:\/\/diariolajornada.com\/?p=23471","name":"M\u00e1s de 240 metros de colectores se sustituyen en la parroquia los Tacariguas - Diario La Jornada","isPartOf":{"@id":"https:\/\/diariolajornada.com\/#website"},"primaryImageOfPage":{"@id":"https:\/\/diariolajornada.com\/?p=23471#primaryimage"},"image":{"@id":"https:\/\/diariolajornada.com\/?p=23471#primaryimage"},"thumbnailUrl":"https:\/\/diariolajornada.com\/wp-content\/uploads\/2023\/07\/IMG-20230720-WA0111.jpg","datePublished":"2023-07-25T14:23:41+00:00","breadcrumb":{"@id":"https:\/\/diariolajornada.com\/?p=23471#breadcrumb"},"inLanguage":"es","potentialAction":[{"@type":"ReadAction","target":["https:\/\/diariolajornada.com\/?p=23471"]}]},{"@type":"ImageObject","inLanguage":"es","@id":"https:\/\/diariolajornada.com\/?p=23471#primaryimage","url":"https:\/\/diariolajornada.com\/wp-content\/uploads\/2023\/07\/IMG-20230720-WA0111.jpg","contentUrl":"https:\/\/diariolajornada.com\/wp-content\/uploads\/2023\/07\/IMG-20230720-WA0111.jpg","width":1600,"height":1066},{"@type":"BreadcrumbList","@id":"https:\/\/diariolajornada.com\/?p=23471#breadcrumb","itemListElement":[{"@type":"ListItem","position":1,"name":"Portada","item":"https:\/\/diariolajornada.com\/"},{"@type":"ListItem","position":2,"name":"M\u00e1s de 240 metros de colectores se sustituyen en la parroquia los Tacariguas"}]},{"@type":"WebSite","@id":"https:\/\/diariolajornada.com\/#website","url":"https:\/\/diariolajornada.com\/","name":"Diario La Jornada","description":"Noticias Nacionales Regionales e Internacionales","publisher":{"@id":"https:\/\/diariolajornada.com\/#organization"},"potentialAction":[{"@type":"SearchAction","target":{"@type":"EntryPoint","urlTemplate":"https:\/\/diariolajornada.com\/?s={search_term_string}"},"query-input":{"@type":"PropertyValueSpecification","valueRequired":true,"valueName":"search_term_string"}}],"inLanguage":"es"},{"@type":"Organization","@id":"https:\/\/diariolajornada.com\/#organization","name":"Diario La Jornada","url":"https:\/\/diariolajornada.com\/","logo":{"@type":"ImageObject","inLanguage":"es","@id":"https:\/\/diariolajornada.com\/#\/schema\/logo\/image\/","url":"https:\/\/diariolajornada.com\/wp-content\/uploads\/2021\/06\/LOGO-JORNADA-SVG-01-02.svg","contentUrl":"https:\/\/diariolajornada.com\/wp-content\/uploads\/2021\/06\/LOGO-JORNADA-SVG-01-02.svg","width":350,"height":100,"caption":"Diario La Jornada"},"image":{"@id":"https:\/\/diariolajornada.com\/#\/schema\/logo\/image\/"},"sameAs":["https:\/\/es-la.facebook.com\/lajornadadeguarico\/","https:\/\/www.instagram.com\/diariojornada\/?hl=es"]},{"@type":"Person","@id":"https:\/\/diariolajornada.com\/#\/schema\/person\/83fc9ad02376abb532ce4553a399186b","name":"admin","image":{"@type":"ImageObject","inLanguage":"es","@id":"https:\/\/diariolajornada.com\/#\/schema\/person\/image\/","url":"https:\/\/secure.gravatar.com\/avatar\/fdcecb87f300ccb988450328a61211f10a01c8bfedfca54e932145534024045b?s=96&d=mm&r=g","contentUrl":"https:\/\/secure.gravatar.com\/avatar\/fdcecb87f300ccb988450328a61211f10a01c8bfedfca54e932145534024045b?s=96&d=mm&r=g","caption":"admin"},"sameAs":["https:\/\/diariolajornada.com"],"url":"https:\/\/diariolajornada.com\/?author=1"}]}},"_links":{"self":[{"href":"https:\/\/diariolajornada.com\/index.php?rest_route=\/wp\/v2\/posts\/23471","targetHints":{"allow":["GET"]}}],"collection":[{"href":"https:\/\/diariolajornada.com\/index.php?rest_route=\/wp\/v2\/posts"}],"about":[{"href":"https:\/\/diariolajornada.com\/index.php?rest_route=\/wp\/v2\/types\/post"}],"author":[{"embeddable":true,"href":"https:\/\/diariolajornada.com\/index.php?rest_route=\/wp\/v2\/users\/1"}],"replies":[{"embeddable":true,"href":"https:\/\/diariolajornada.com\/index.php?rest_route=%2Fwp%2Fv2%2Fcomments&post=23471"}],"version-history":[{"count":1,"href":"https:\/\/diariolajornada.com\/index.php?rest_route=\/wp\/v2\/posts\/23471\/revisions"}],"predecessor-version":[{"id":23473,"href":"https:\/\/diariolajornada.com\/index.php?rest_route=\/wp\/v2\/posts\/23471\/revisions\/23473"}],"wp:featuredmedia":[{"embeddable":true,"href":"https:\/\/diariolajornada.com\/index.php?rest_route=\/wp\/v2\/media\/23472"}],"wp:attachment":[{"href":"https:\/\/diariolajornada.com\/index.php?rest_route=%2Fwp%2Fv2%2Fmedia&parent=23471"}],"wp:term":[{"taxonomy":"category","embeddable":true,"href":"https:\/\/diariolajornada.com\/index.php?rest_route=%2Fwp%2Fv2%2Fcategories&post=23471"},{"taxonomy":"post_tag","embeddable":true,"href":"https:\/\/diariolajornada.com\/index.php?rest_route=%2Fwp%2Fv2%2Ftags&post=23471"}],"curies":[{"name":"wp","href":"https:\/\/api.w.org\/{rel}","templated":true}]}}