{"id":23474,"date":"2023-07-25T10:27:32","date_gmt":"2023-07-25T14:27:32","guid":{"rendered":"https:\/\/diariolajornada.com\/?p=23474"},"modified":"2023-07-25T10:27:32","modified_gmt":"2023-07-25T14:27:32","slug":"gobierno-ordena-plan-especial-para-descontaminar-el-lago-de-maracaibo","status":"publish","type":"post","link":"https:\/\/diariolajornada.com\/?p=23474","title":{"rendered":"Gobierno ordena plan especial para descontaminar el lago de Maracaibo"},"content":{"rendered":"<p><strong>@diariojornada<\/strong><\/p>\n<p><strong>Diario La Jornada. &#8211;<\/strong> El presidente de la Rep\u00fablica, Nicol\u00e1s Maduro, orden\u00f3 elaborar un plan especial para descontaminar el lago de Maracaibo de los derrames de petr\u00f3leo suscitados en su cuenca.<\/p>\n<p>El primer mandatario reconoci\u00f3 que ha recibido denuncias sobre el tema de los desbordes de crudo sobre el lago de Maracaibo y c\u00f3mo han afectado a las comunidades de pescadores y pescadoras, as\u00ed como el h\u00e1bitat que lo rodea.<\/p>\n<p>Por ese motivo, orden\u00f3 \u201cun estudio t\u00e9cnico-cient\u00edfico de profundidad\u201d con el apoyo de cient\u00edficos, t\u00e9cnicos, y los ministros de Ecosocialismo, de Petr\u00f3leo, de Pesca; y el vicepresidente de Servicios P\u00fablicos, N\u00e9stor Reverol.<\/p>\n<p>\u201cHe elaborado un plan que quiero activar y as\u00ed lo anuncio para el Zulia, un plan especial de atenci\u00f3n, de descontaminaci\u00f3n y recuperaci\u00f3n del lago de Maracaibo\u201d, dijo Maduro y design\u00f3 al frente del plan al general N\u00e9stor Reverol.<\/p>\n<p>El jefe de Estado pidi\u00f3 todo el apoyo del gobernador del Zulia, Manuel Rosales, a quien agradeci\u00f3 su presencia en el acto y, del alcalde de Maracaibo Rafael Ram\u00edrez, as\u00ed como a los mandatarios locales del estado occidental.<\/p>\n<p>\u201cVamos a entrarle al lago. Vamos a entrarle con profundidad, con seriedad a pesar de las sanciones, del bloqueo, pariremos los recursos, pero el lago de Maracaibo, lago hermoso, tiene que ser recuperado, tenemos que recuperarlo, as\u00ed me lo planteo, y lo que nosotros nos planteamos lo logramos, tarde o temprano lo logramos\u201d, enfatiz\u00f3.<\/p>\n<p><strong>Parque Monumental para el pueblo de Maracaibo<\/strong><\/p>\n<p>Por otra parte, el presidente Maduro anunci\u00f3 la construcci\u00f3n de un Parque Monumental para los habitantes de la capital zuliana que llevar\u00e1 el nombre de la hero\u00edna independentista Ana Mar\u00eda Campos.<\/p>\n<p>\u201cVa a ocupar parte del este y del oeste de Maracaibo (\u2026) Ese parque va a tener 33 hect\u00e1reas. Va a tener 5 lagunas, con ejercicio y deportes de Laguna. Va a tener una capacidad para un mill\u00f3n cuatrocientos mil personas. Va a ser un gran parque\u201d, revel\u00f3.<\/p>\n<p>El jefe del Ejecutivo detall\u00f3 que el recinto recreacional unir\u00e1 el eje deportivo de los estadios Pachencho Romero y Luis Aparicio, as\u00ed como el eje educativo de la Universidad del Zulia. Tambi\u00e9n, tendr\u00e1 caminer\u00edas para la familia, 14 canchas para deporte, un parque para mascotas y un parque para ni\u00f1os y ni\u00f1as con alguna discapacidad.<\/p>\n<p>\u201cLa imagen se ha hecho desde la misi\u00f3n Venezuela Bella, basado en tejidos y colores wuay\u00fau\u201d, resalt\u00f3. Adem\u00e1s, Maduro espera que para finales de 2023 se entreguen las primeras 8 hect\u00e1reas del parque.<\/p>\n<p>&nbsp;<\/p>\n<p>\u201cNuestra patria tiene que ser una patria que construya hacia el futuro. Construya una nueva prosperidad. Reconstruya el estado de bienestar social y eso lo tenemos que hacer entre todos y todas\u201d, subray\u00f3.<\/p>\n<p>Acot\u00f3 que los gobernantes deben \u201cgobernar para la felicidad, el bienestar y la protecci\u00f3n de todo el pueblo en su conjunto, m\u00e1s all\u00e1 de las diferencias partidistas, pol\u00edticas o ideol\u00f3gicas\u201d.<\/p>\n","protected":false},"excerpt":{"rendered":"<p>@diariojornada Diario La Jornada. &#8211; El presidente de la Rep\u00fablica, Nicol\u00e1s Maduro, orden\u00f3 elaborar un plan especial para descontaminar el lago de Maracaibo de los derrames de petr\u00f3leo suscitados en su cuenca. El primer mandatario reconoci\u00f3 que ha recibido denuncias sobre el tema de los desbordes de crudo sobre el lago de Maracaibo y c\u00f3mo [&hellip;]<\/p>\n","protected":false},"author":1,"featured_media":23475,"comment_status":"open","ping_status":"open","sticky":false,"template":"","format":"standard","meta":{"footnotes":""},"categories":[17,8],"tags":[],"class_list":["post-23474","post","type-post","status-publish","format-standard","has-post-thumbnail","hentry","category-destacada","category-nacionales"],"yoast_head":"<!-- This site is optimized with the Yoast SEO plugin v24.4 - https:\/\/yoast.com\/wordpress\/plugins\/seo\/ -->\n<title>Gobierno ordena plan especial para descontaminar el lago de Maracaibo - Diario La Jornada<\/title>\n<meta name=\"robots\" content=\"index, follow, max-snippet:-1, max-image-preview:large, max-video-preview:-1\" \/>\n<link rel=\"canonical\" href=\"https:\/\/diariolajornada.com\/?p=23474\" \/>\n<meta property=\"og:locale\" content=\"es_ES\" \/>\n<meta property=\"og:type\" content=\"article\" \/>\n<meta property=\"og:title\" content=\"Gobierno ordena plan especial para descontaminar el lago de Maracaibo - Diario La Jornada\" \/>\n<meta property=\"og:description\" content=\"@diariojornada Diario La Jornada. &#8211; El presidente de la Rep\u00fablica, Nicol\u00e1s Maduro, orden\u00f3 elaborar un plan especial para descontaminar el lago de Maracaibo de los derrames de petr\u00f3leo suscitados en su cuenca. El primer mandatario reconoci\u00f3 que ha recibido denuncias sobre el tema de los desbordes de crudo sobre el lago de Maracaibo y c\u00f3mo [&hellip;]\" \/>\n<meta property=\"og:url\" content=\"https:\/\/diariolajornada.com\/?p=23474\" \/>\n<meta property=\"og:site_name\" content=\"Diario La Jornada\" \/>\n<meta property=\"article:publisher\" content=\"https:\/\/es-la.facebook.com\/lajornadadeguarico\/\" \/>\n<meta property=\"article:published_time\" content=\"2023-07-25T14:27:32+00:00\" \/>\n<meta property=\"og:image\" content=\"https:\/\/diariolajornada.com\/wp-content\/uploads\/2023\/07\/Maduro-Zulia-Bicentenario-naval-003.jpg\" \/>\n\t<meta property=\"og:image:width\" content=\"800\" \/>\n\t<meta property=\"og:image:height\" content=\"445\" \/>\n\t<meta property=\"og:image:type\" content=\"image\/jpeg\" \/>\n<meta name=\"author\" content=\"admin\" \/>\n<meta name=\"twitter:card\" content=\"summary_large_image\" \/>\n<meta name=\"twitter:label1\" content=\"Escrito por\" \/>\n\t<meta name=\"twitter:data1\" content=\"admin\" \/>\n\t<meta name=\"twitter:label2\" content=\"Tiempo de lectura\" \/>\n\t<meta name=\"twitter:data2\" content=\"3 minutos\" \/>\n<script type=\"application\/ld+json\" class=\"yoast-schema-graph\">{\"@context\":\"https:\/\/schema.org\",\"@graph\":[{\"@type\":\"Article\",\"@id\":\"https:\/\/diariolajornada.com\/?p=23474#article\",\"isPartOf\":{\"@id\":\"https:\/\/diariolajornada.com\/?p=23474\"},\"author\":{\"name\":\"admin\",\"@id\":\"https:\/\/diariolajornada.com\/#\/schema\/person\/83fc9ad02376abb532ce4553a399186b\"},\"headline\":\"Gobierno ordena plan especial para descontaminar el lago de Maracaibo\",\"datePublished\":\"2023-07-25T14:27:32+00:00\",\"mainEntityOfPage\":{\"@id\":\"https:\/\/diariolajornada.com\/?p=23474\"},\"wordCount\":510,\"commentCount\":0,\"publisher\":{\"@id\":\"https:\/\/diariolajornada.com\/#organization\"},\"image\":{\"@id\":\"https:\/\/diariolajornada.com\/?p=23474#primaryimage\"},\"thumbnailUrl\":\"https:\/\/diariolajornada.com\/wp-content\/uploads\/2023\/07\/Maduro-Zulia-Bicentenario-naval-003.jpg\",\"articleSection\":[\"DESTACADA\",\"Nacionales\"],\"inLanguage\":\"es\",\"potentialAction\":[{\"@type\":\"CommentAction\",\"name\":\"Comment\",\"target\":[\"https:\/\/diariolajornada.com\/?p=23474#respond\"]}]},{\"@type\":\"WebPage\",\"@id\":\"https:\/\/diariolajornada.com\/?p=23474\",\"url\":\"https:\/\/diariolajornada.com\/?p=23474\",\"name\":\"Gobierno ordena plan especial para descontaminar el lago de Maracaibo - Diario La Jornada\",\"isPartOf\":{\"@id\":\"https:\/\/diariolajornada.com\/#website\"},\"primaryImageOfPage\":{\"@id\":\"https:\/\/diariolajornada.com\/?p=23474#primaryimage\"},\"image\":{\"@id\":\"https:\/\/diariolajornada.com\/?p=23474#primaryimage\"},\"thumbnailUrl\":\"https:\/\/diariolajornada.com\/wp-content\/uploads\/2023\/07\/Maduro-Zulia-Bicentenario-naval-003.jpg\",\"datePublished\":\"2023-07-25T14:27:32+00:00\",\"breadcrumb\":{\"@id\":\"https:\/\/diariolajornada.com\/?p=23474#breadcrumb\"},\"inLanguage\":\"es\",\"potentialAction\":[{\"@type\":\"ReadAction\",\"target\":[\"https:\/\/diariolajornada.com\/?p=23474\"]}]},{\"@type\":\"ImageObject\",\"inLanguage\":\"es\",\"@id\":\"https:\/\/diariolajornada.com\/?p=23474#primaryimage\",\"url\":\"https:\/\/diariolajornada.com\/wp-content\/uploads\/2023\/07\/Maduro-Zulia-Bicentenario-naval-003.jpg\",\"contentUrl\":\"https:\/\/diariolajornada.com\/wp-content\/uploads\/2023\/07\/Maduro-Zulia-Bicentenario-naval-003.jpg\",\"width\":800,\"height\":445},{\"@type\":\"BreadcrumbList\",\"@id\":\"https:\/\/diariolajornada.com\/?p=23474#breadcrumb\",\"itemListElement\":[{\"@type\":\"ListItem\",\"position\":1,\"name\":\"Portada\",\"item\":\"https:\/\/diariolajornada.com\/\"},{\"@type\":\"ListItem\",\"position\":2,\"name\":\"Gobierno ordena plan especial para descontaminar el lago de Maracaibo\"}]},{\"@type\":\"WebSite\",\"@id\":\"https:\/\/diariolajornada.com\/#website\",\"url\":\"https:\/\/diariolajornada.com\/\",\"name\":\"Diario La Jornada\",\"description\":\"Noticias Nacionales Regionales e Internacionales\",\"publisher\":{\"@id\":\"https:\/\/diariolajornada.com\/#organization\"},\"potentialAction\":[{\"@type\":\"SearchAction\",\"target\":{\"@type\":\"EntryPoint\",\"urlTemplate\":\"https:\/\/diariolajornada.com\/?s={search_term_string}\"},\"query-input\":{\"@type\":\"PropertyValueSpecification\",\"valueRequired\":true,\"valueName\":\"search_term_string\"}}],\"inLanguage\":\"es\"},{\"@type\":\"Organization\",\"@id\":\"https:\/\/diariolajornada.com\/#organization\",\"name\":\"Diario La Jornada\",\"url\":\"https:\/\/diariolajornada.com\/\",\"logo\":{\"@type\":\"ImageObject\",\"inLanguage\":\"es\",\"@id\":\"https:\/\/diariolajornada.com\/#\/schema\/logo\/image\/\",\"url\":\"https:\/\/diariolajornada.com\/wp-content\/uploads\/2021\/06\/LOGO-JORNADA-SVG-01-02.svg\",\"contentUrl\":\"https:\/\/diariolajornada.com\/wp-content\/uploads\/2021\/06\/LOGO-JORNADA-SVG-01-02.svg\",\"width\":350,\"height\":100,\"caption\":\"Diario La Jornada\"},\"image\":{\"@id\":\"https:\/\/diariolajornada.com\/#\/schema\/logo\/image\/\"},\"sameAs\":[\"https:\/\/es-la.facebook.com\/lajornadadeguarico\/\",\"https:\/\/www.instagram.com\/diariojornada\/?hl=es\"]},{\"@type\":\"Person\",\"@id\":\"https:\/\/diariolajornada.com\/#\/schema\/person\/83fc9ad02376abb532ce4553a399186b\",\"name\":\"admin\",\"image\":{\"@type\":\"ImageObject\",\"inLanguage\":\"es\",\"@id\":\"https:\/\/diariolajornada.com\/#\/schema\/person\/image\/\",\"url\":\"https:\/\/secure.gravatar.com\/avatar\/fdcecb87f300ccb988450328a61211f10a01c8bfedfca54e932145534024045b?s=96&d=mm&r=g\",\"contentUrl\":\"https:\/\/secure.gravatar.com\/avatar\/fdcecb87f300ccb988450328a61211f10a01c8bfedfca54e932145534024045b?s=96&d=mm&r=g\",\"caption\":\"admin\"},\"sameAs\":[\"https:\/\/diariolajornada.com\"],\"url\":\"https:\/\/diariolajornada.com\/?author=1\"}]}<\/script>\n<!-- \/ Yoast SEO plugin. -->","yoast_head_json":{"title":"Gobierno ordena plan especial para descontaminar el lago de Maracaibo - Diario La Jornada","robots":{"index":"index","follow":"follow","max-snippet":"max-snippet:-1","max-image-preview":"max-image-preview:large","max-video-preview":"max-video-preview:-1"},"canonical":"https:\/\/diariolajornada.com\/?p=23474","og_locale":"es_ES","og_type":"article","og_title":"Gobierno ordena plan especial para descontaminar el lago de Maracaibo - Diario La Jornada","og_description":"@diariojornada Diario La Jornada. &#8211; El presidente de la Rep\u00fablica, Nicol\u00e1s Maduro, orden\u00f3 elaborar un plan especial para descontaminar el lago de Maracaibo de los derrames de petr\u00f3leo suscitados en su cuenca. El primer mandatario reconoci\u00f3 que ha recibido denuncias sobre el tema de los desbordes de crudo sobre el lago de Maracaibo y c\u00f3mo [&hellip;]","og_url":"https:\/\/diariolajornada.com\/?p=23474","og_site_name":"Diario La Jornada","article_publisher":"https:\/\/es-la.facebook.com\/lajornadadeguarico\/","article_published_time":"2023-07-25T14:27:32+00:00","og_image":[{"width":800,"height":445,"url":"https:\/\/diariolajornada.com\/wp-content\/uploads\/2023\/07\/Maduro-Zulia-Bicentenario-naval-003.jpg","type":"image\/jpeg"}],"author":"admin","twitter_card":"summary_large_image","twitter_misc":{"Escrito por":"admin","Tiempo de lectura":"3 minutos"},"schema":{"@context":"https:\/\/schema.org","@graph":[{"@type":"Article","@id":"https:\/\/diariolajornada.com\/?p=23474#article","isPartOf":{"@id":"https:\/\/diariolajornada.com\/?p=23474"},"author":{"name":"admin","@id":"https:\/\/diariolajornada.com\/#\/schema\/person\/83fc9ad02376abb532ce4553a399186b"},"headline":"Gobierno ordena plan especial para descontaminar el lago de Maracaibo","datePublished":"2023-07-25T14:27:32+00:00","mainEntityOfPage":{"@id":"https:\/\/diariolajornada.com\/?p=23474"},"wordCount":510,"commentCount":0,"publisher":{"@id":"https:\/\/diariolajornada.com\/#organization"},"image":{"@id":"https:\/\/diariolajornada.com\/?p=23474#primaryimage"},"thumbnailUrl":"https:\/\/diariolajornada.com\/wp-content\/uploads\/2023\/07\/Maduro-Zulia-Bicentenario-naval-003.jpg","articleSection":["DESTACADA","Nacionales"],"inLanguage":"es","potentialAction":[{"@type":"CommentAction","name":"Comment","target":["https:\/\/diariolajornada.com\/?p=23474#respond"]}]},{"@type":"WebPage","@id":"https:\/\/diariolajornada.com\/?p=23474","url":"https:\/\/diariolajornada.com\/?p=23474","name":"Gobierno ordena plan especial para descontaminar el lago de Maracaibo - Diario La Jornada","isPartOf":{"@id":"https:\/\/diariolajornada.com\/#website"},"primaryImageOfPage":{"@id":"https:\/\/diariolajornada.com\/?p=23474#primaryimage"},"image":{"@id":"https:\/\/diariolajornada.com\/?p=23474#primaryimage"},"thumbnailUrl":"https:\/\/diariolajornada.com\/wp-content\/uploads\/2023\/07\/Maduro-Zulia-Bicentenario-naval-003.jpg","datePublished":"2023-07-25T14:27:32+00:00","breadcrumb":{"@id":"https:\/\/diariolajornada.com\/?p=23474#breadcrumb"},"inLanguage":"es","potentialAction":[{"@type":"ReadAction","target":["https:\/\/diariolajornada.com\/?p=23474"]}]},{"@type":"ImageObject","inLanguage":"es","@id":"https:\/\/diariolajornada.com\/?p=23474#primaryimage","url":"https:\/\/diariolajornada.com\/wp-content\/uploads\/2023\/07\/Maduro-Zulia-Bicentenario-naval-003.jpg","contentUrl":"https:\/\/diariolajornada.com\/wp-content\/uploads\/2023\/07\/Maduro-Zulia-Bicentenario-naval-003.jpg","width":800,"height":445},{"@type":"BreadcrumbList","@id":"https:\/\/diariolajornada.com\/?p=23474#breadcrumb","itemListElement":[{"@type":"ListItem","position":1,"name":"Portada","item":"https:\/\/diariolajornada.com\/"},{"@type":"ListItem","position":2,"name":"Gobierno ordena plan especial para descontaminar el lago de Maracaibo"}]},{"@type":"WebSite","@id":"https:\/\/diariolajornada.com\/#website","url":"https:\/\/diariolajornada.com\/","name":"Diario La Jornada","description":"Noticias Nacionales Regionales e Internacionales","publisher":{"@id":"https:\/\/diariolajornada.com\/#organization"},"potentialAction":[{"@type":"SearchAction","target":{"@type":"EntryPoint","urlTemplate":"https:\/\/diariolajornada.com\/?s={search_term_string}"},"query-input":{"@type":"PropertyValueSpecification","valueRequired":true,"valueName":"search_term_string"}}],"inLanguage":"es"},{"@type":"Organization","@id":"https:\/\/diariolajornada.com\/#organization","name":"Diario La Jornada","url":"https:\/\/diariolajornada.com\/","logo":{"@type":"ImageObject","inLanguage":"es","@id":"https:\/\/diariolajornada.com\/#\/schema\/logo\/image\/","url":"https:\/\/diariolajornada.com\/wp-content\/uploads\/2021\/06\/LOGO-JORNADA-SVG-01-02.svg","contentUrl":"https:\/\/diariolajornada.com\/wp-content\/uploads\/2021\/06\/LOGO-JORNADA-SVG-01-02.svg","width":350,"height":100,"caption":"Diario La Jornada"},"image":{"@id":"https:\/\/diariolajornada.com\/#\/schema\/logo\/image\/"},"sameAs":["https:\/\/es-la.facebook.com\/lajornadadeguarico\/","https:\/\/www.instagram.com\/diariojornada\/?hl=es"]},{"@type":"Person","@id":"https:\/\/diariolajornada.com\/#\/schema\/person\/83fc9ad02376abb532ce4553a399186b","name":"admin","image":{"@type":"ImageObject","inLanguage":"es","@id":"https:\/\/diariolajornada.com\/#\/schema\/person\/image\/","url":"https:\/\/secure.gravatar.com\/avatar\/fdcecb87f300ccb988450328a61211f10a01c8bfedfca54e932145534024045b?s=96&d=mm&r=g","contentUrl":"https:\/\/secure.gravatar.com\/avatar\/fdcecb87f300ccb988450328a61211f10a01c8bfedfca54e932145534024045b?s=96&d=mm&r=g","caption":"admin"},"sameAs":["https:\/\/diariolajornada.com"],"url":"https:\/\/diariolajornada.com\/?author=1"}]}},"_links":{"self":[{"href":"https:\/\/diariolajornada.com\/index.php?rest_route=\/wp\/v2\/posts\/23474","targetHints":{"allow":["GET"]}}],"collection":[{"href":"https:\/\/diariolajornada.com\/index.php?rest_route=\/wp\/v2\/posts"}],"about":[{"href":"https:\/\/diariolajornada.com\/index.php?rest_route=\/wp\/v2\/types\/post"}],"author":[{"embeddable":true,"href":"https:\/\/diariolajornada.com\/index.php?rest_route=\/wp\/v2\/users\/1"}],"replies":[{"embeddable":true,"href":"https:\/\/diariolajornada.com\/index.php?rest_route=%2Fwp%2Fv2%2Fcomments&post=23474"}],"version-history":[{"count":1,"href":"https:\/\/diariolajornada.com\/index.php?rest_route=\/wp\/v2\/posts\/23474\/revisions"}],"predecessor-version":[{"id":23476,"href":"https:\/\/diariolajornada.com\/index.php?rest_route=\/wp\/v2\/posts\/23474\/revisions\/23476"}],"wp:featuredmedia":[{"embeddable":true,"href":"https:\/\/diariolajornada.com\/index.php?rest_route=\/wp\/v2\/media\/23475"}],"wp:attachment":[{"href":"https:\/\/diariolajornada.com\/index.php?rest_route=%2Fwp%2Fv2%2Fmedia&parent=23474"}],"wp:term":[{"taxonomy":"category","embeddable":true,"href":"https:\/\/diariolajornada.com\/index.php?rest_route=%2Fwp%2Fv2%2Fcategories&post=23474"},{"taxonomy":"post_tag","embeddable":true,"href":"https:\/\/diariolajornada.com\/index.php?rest_route=%2Fwp%2Fv2%2Ftags&post=23474"}],"curies":[{"name":"wp","href":"https:\/\/api.w.org\/{rel}","templated":true}]}}