{"id":23486,"date":"2023-07-25T12:13:38","date_gmt":"2023-07-25T16:13:38","guid":{"rendered":"https:\/\/diariolajornada.com\/?p=23486"},"modified":"2023-07-25T12:20:32","modified_gmt":"2023-07-25T16:20:32","slug":"onu-afirma-que-seguiran-esfuerzos-para-que-rusia-regrese-al-acuerdo-de-cereales","status":"publish","type":"post","link":"https:\/\/diariolajornada.com\/?p=23486","title":{"rendered":"ONU afirma que seguir\u00e1n esfuerzos para que Rusia regrese al acuerdo de cereales"},"content":{"rendered":"\n<p><strong>@diariojornada<\/strong><\/p>\n\n\n\n<p><strong>Diario La Jornada. \u2013<\/strong> Los esfuerzos de la ONU para que Rusia regrese a la Iniciativa del Mar Negro, el acuerdo para facilitar la exportaci\u00f3n de cereales ucranianos y rusos, van a seguir, asegur\u00f3 hoy una portavoz de la Conferencia de Naciones Unidas para el Comercio y el Desarrollo (UNCTAD), principal mediadora en las negociaciones.<\/p>\n\n\n\n<p>\u201cContinuar\u00e1n haci\u00e9ndose todos los esfuerzos posibles para que Rusia regrese a la iniciativa\u201d, asegur\u00f3 en rueda de prensa la portavoz Catherine Huissoud.<\/p>\n\n\n\n<p>Rolando G\u00f3mez, portavoz de la Oficina de Naciones Unidas en Ginebra, a\u00f1adi\u00f3 en la misma conferencia que los contactos a distintos niveles con Rusia se mantienen con el fin de que&nbsp;\u201ccontin\u00fae el acceso sin obst\u00e1culos de alimentos y fertilizantes rusos y ucranianos al mercado\u201d.<\/p>\n\n\n\n<p>El 17 de julio Mosc\u00fa anunci\u00f3 la suspensi\u00f3n del acuerdo de exportaci\u00f3n de grano a trav\u00e9s del mar Negro desde puertos ucranianos, suscrito inicialmente por Rusia y Ucrania en julio de 2022 con mediaci\u00f3n de Turqu\u00eda y la ONU.<\/p>\n\n\n\n<p>En un a\u00f1o, este acuerdo permiti\u00f3 la exportaci\u00f3n de 32,8 millones de toneladas de cereales, principalmente trigo y ma\u00edz, y otros alimentos en m\u00e1s de un millar de traves\u00edas, algo que benefici\u00f3 especialmente a las labores humanitarias del Programa Mundial de Alimentos de la ONU (PMA).<\/p>\n\n\n\n<p>Fuentes pr\u00f3ximas a la embajada ucraniana en Ginebra aseguraron que la negativa de Rusia a continuar el acuerdo pone a millones de personas en el mundo en riesgo de hambruna, despu\u00e9s de que unos 400 millones se beneficiaran de la puesta en marcha de la iniciativa.<\/p>\n\n\n\n<p>Dichas fuentes aseguran que todo responde a una iniciativa deliberada de Rusia de desestabilizar a pa\u00edses de Asia y \u00c1frica aumentando la crisis alimentaria global para que derive en protestas, migraci\u00f3n y conflictos pol\u00edticos.<\/p>\n\n\n\n<p><strong>Con informaci\u00f3n de Efe<\/strong><\/p>\n","protected":false},"excerpt":{"rendered":"<p>@diariojornada Diario La Jornada. \u2013 Los esfuerzos de la ONU para que Rusia regrese a la Iniciativa del Mar Negro, el acuerdo para facilitar la exportaci\u00f3n de cereales ucranianos y rusos, van a seguir, asegur\u00f3 hoy una portavoz de la Conferencia de Naciones Unidas para el Comercio y el Desarrollo (UNCTAD), principal mediadora en las [&hellip;]<\/p>\n","protected":false},"author":1,"featured_media":19525,"comment_status":"open","ping_status":"open","sticky":false,"template":"","format":"standard","meta":{"footnotes":""},"categories":[10],"tags":[],"class_list":["post-23486","post","type-post","status-publish","format-standard","has-post-thumbnail","hentry","category-internacionales"],"yoast_head":"<!-- This site is optimized with the Yoast SEO plugin v24.4 - https:\/\/yoast.com\/wordpress\/plugins\/seo\/ -->\n<title>ONU afirma que seguir\u00e1n esfuerzos para que Rusia regrese al acuerdo de cereales - Diario La Jornada<\/title>\n<meta name=\"robots\" content=\"index, follow, max-snippet:-1, max-image-preview:large, max-video-preview:-1\" \/>\n<link rel=\"canonical\" href=\"https:\/\/diariolajornada.com\/?p=23486\" \/>\n<meta property=\"og:locale\" content=\"es_ES\" \/>\n<meta property=\"og:type\" content=\"article\" \/>\n<meta property=\"og:title\" content=\"ONU afirma que seguir\u00e1n esfuerzos para que Rusia regrese al acuerdo de cereales - Diario La Jornada\" \/>\n<meta property=\"og:description\" content=\"@diariojornada Diario La Jornada. \u2013 Los esfuerzos de la ONU para que Rusia regrese a la Iniciativa del Mar Negro, el acuerdo para facilitar la exportaci\u00f3n de cereales ucranianos y rusos, van a seguir, asegur\u00f3 hoy una portavoz de la Conferencia de Naciones Unidas para el Comercio y el Desarrollo (UNCTAD), principal mediadora en las [&hellip;]\" \/>\n<meta property=\"og:url\" content=\"https:\/\/diariolajornada.com\/?p=23486\" \/>\n<meta property=\"og:site_name\" content=\"Diario La Jornada\" \/>\n<meta property=\"article:publisher\" content=\"https:\/\/es-la.facebook.com\/lajornadadeguarico\/\" \/>\n<meta property=\"article:published_time\" content=\"2023-07-25T16:13:38+00:00\" \/>\n<meta property=\"article:modified_time\" content=\"2023-07-25T16:20:32+00:00\" \/>\n<meta property=\"og:image\" content=\"https:\/\/diariolajornada.com\/wp-content\/uploads\/2023\/07\/img_5300.jpg\" \/>\n\t<meta property=\"og:image:width\" content=\"580\" \/>\n\t<meta property=\"og:image:height\" content=\"330\" \/>\n\t<meta property=\"og:image:type\" content=\"image\/jpeg\" \/>\n<meta name=\"author\" content=\"admin\" \/>\n<meta name=\"twitter:card\" content=\"summary_large_image\" \/>\n<meta name=\"twitter:label1\" content=\"Escrito por\" \/>\n\t<meta name=\"twitter:data1\" content=\"admin\" \/>\n\t<meta name=\"twitter:label2\" content=\"Tiempo de lectura\" \/>\n\t<meta name=\"twitter:data2\" content=\"2 minutos\" \/>\n<script type=\"application\/ld+json\" class=\"yoast-schema-graph\">{\"@context\":\"https:\/\/schema.org\",\"@graph\":[{\"@type\":\"Article\",\"@id\":\"https:\/\/diariolajornada.com\/?p=23486#article\",\"isPartOf\":{\"@id\":\"https:\/\/diariolajornada.com\/?p=23486\"},\"author\":{\"name\":\"admin\",\"@id\":\"https:\/\/diariolajornada.com\/#\/schema\/person\/83fc9ad02376abb532ce4553a399186b\"},\"headline\":\"ONU afirma que seguir\u00e1n esfuerzos para que Rusia regrese al acuerdo de cereales\",\"datePublished\":\"2023-07-25T16:13:38+00:00\",\"dateModified\":\"2023-07-25T16:20:32+00:00\",\"mainEntityOfPage\":{\"@id\":\"https:\/\/diariolajornada.com\/?p=23486\"},\"wordCount\":325,\"commentCount\":0,\"publisher\":{\"@id\":\"https:\/\/diariolajornada.com\/#organization\"},\"image\":{\"@id\":\"https:\/\/diariolajornada.com\/?p=23486#primaryimage\"},\"thumbnailUrl\":\"https:\/\/diariolajornada.com\/wp-content\/uploads\/2023\/07\/img_5300.jpg\",\"articleSection\":[\"Internacionales\"],\"inLanguage\":\"es\",\"potentialAction\":[{\"@type\":\"CommentAction\",\"name\":\"Comment\",\"target\":[\"https:\/\/diariolajornada.com\/?p=23486#respond\"]}]},{\"@type\":\"WebPage\",\"@id\":\"https:\/\/diariolajornada.com\/?p=23486\",\"url\":\"https:\/\/diariolajornada.com\/?p=23486\",\"name\":\"ONU afirma que seguir\u00e1n esfuerzos para que Rusia regrese al acuerdo de cereales - Diario La Jornada\",\"isPartOf\":{\"@id\":\"https:\/\/diariolajornada.com\/#website\"},\"primaryImageOfPage\":{\"@id\":\"https:\/\/diariolajornada.com\/?p=23486#primaryimage\"},\"image\":{\"@id\":\"https:\/\/diariolajornada.com\/?p=23486#primaryimage\"},\"thumbnailUrl\":\"https:\/\/diariolajornada.com\/wp-content\/uploads\/2023\/07\/img_5300.jpg\",\"datePublished\":\"2023-07-25T16:13:38+00:00\",\"dateModified\":\"2023-07-25T16:20:32+00:00\",\"breadcrumb\":{\"@id\":\"https:\/\/diariolajornada.com\/?p=23486#breadcrumb\"},\"inLanguage\":\"es\",\"potentialAction\":[{\"@type\":\"ReadAction\",\"target\":[\"https:\/\/diariolajornada.com\/?p=23486\"]}]},{\"@type\":\"ImageObject\",\"inLanguage\":\"es\",\"@id\":\"https:\/\/diariolajornada.com\/?p=23486#primaryimage\",\"url\":\"https:\/\/diariolajornada.com\/wp-content\/uploads\/2023\/07\/img_5300.jpg\",\"contentUrl\":\"https:\/\/diariolajornada.com\/wp-content\/uploads\/2023\/07\/img_5300.jpg\",\"width\":580,\"height\":330},{\"@type\":\"BreadcrumbList\",\"@id\":\"https:\/\/diariolajornada.com\/?p=23486#breadcrumb\",\"itemListElement\":[{\"@type\":\"ListItem\",\"position\":1,\"name\":\"Portada\",\"item\":\"https:\/\/diariolajornada.com\/\"},{\"@type\":\"ListItem\",\"position\":2,\"name\":\"ONU afirma que seguir\u00e1n esfuerzos para que Rusia regrese al acuerdo de cereales\"}]},{\"@type\":\"WebSite\",\"@id\":\"https:\/\/diariolajornada.com\/#website\",\"url\":\"https:\/\/diariolajornada.com\/\",\"name\":\"Diario La Jornada\",\"description\":\"Noticias Nacionales Regionales e Internacionales\",\"publisher\":{\"@id\":\"https:\/\/diariolajornada.com\/#organization\"},\"potentialAction\":[{\"@type\":\"SearchAction\",\"target\":{\"@type\":\"EntryPoint\",\"urlTemplate\":\"https:\/\/diariolajornada.com\/?s={search_term_string}\"},\"query-input\":{\"@type\":\"PropertyValueSpecification\",\"valueRequired\":true,\"valueName\":\"search_term_string\"}}],\"inLanguage\":\"es\"},{\"@type\":\"Organization\",\"@id\":\"https:\/\/diariolajornada.com\/#organization\",\"name\":\"Diario La Jornada\",\"url\":\"https:\/\/diariolajornada.com\/\",\"logo\":{\"@type\":\"ImageObject\",\"inLanguage\":\"es\",\"@id\":\"https:\/\/diariolajornada.com\/#\/schema\/logo\/image\/\",\"url\":\"https:\/\/diariolajornada.com\/wp-content\/uploads\/2021\/06\/LOGO-JORNADA-SVG-01-02.svg\",\"contentUrl\":\"https:\/\/diariolajornada.com\/wp-content\/uploads\/2021\/06\/LOGO-JORNADA-SVG-01-02.svg\",\"width\":350,\"height\":100,\"caption\":\"Diario La Jornada\"},\"image\":{\"@id\":\"https:\/\/diariolajornada.com\/#\/schema\/logo\/image\/\"},\"sameAs\":[\"https:\/\/es-la.facebook.com\/lajornadadeguarico\/\",\"https:\/\/www.instagram.com\/diariojornada\/?hl=es\"]},{\"@type\":\"Person\",\"@id\":\"https:\/\/diariolajornada.com\/#\/schema\/person\/83fc9ad02376abb532ce4553a399186b\",\"name\":\"admin\",\"image\":{\"@type\":\"ImageObject\",\"inLanguage\":\"es\",\"@id\":\"https:\/\/diariolajornada.com\/#\/schema\/person\/image\/\",\"url\":\"https:\/\/secure.gravatar.com\/avatar\/fdcecb87f300ccb988450328a61211f10a01c8bfedfca54e932145534024045b?s=96&d=mm&r=g\",\"contentUrl\":\"https:\/\/secure.gravatar.com\/avatar\/fdcecb87f300ccb988450328a61211f10a01c8bfedfca54e932145534024045b?s=96&d=mm&r=g\",\"caption\":\"admin\"},\"sameAs\":[\"https:\/\/diariolajornada.com\"],\"url\":\"https:\/\/diariolajornada.com\/?author=1\"}]}<\/script>\n<!-- \/ Yoast SEO plugin. -->","yoast_head_json":{"title":"ONU afirma que seguir\u00e1n esfuerzos para que Rusia regrese al acuerdo de cereales - Diario La Jornada","robots":{"index":"index","follow":"follow","max-snippet":"max-snippet:-1","max-image-preview":"max-image-preview:large","max-video-preview":"max-video-preview:-1"},"canonical":"https:\/\/diariolajornada.com\/?p=23486","og_locale":"es_ES","og_type":"article","og_title":"ONU afirma que seguir\u00e1n esfuerzos para que Rusia regrese al acuerdo de cereales - Diario La Jornada","og_description":"@diariojornada Diario La Jornada. \u2013 Los esfuerzos de la ONU para que Rusia regrese a la Iniciativa del Mar Negro, el acuerdo para facilitar la exportaci\u00f3n de cereales ucranianos y rusos, van a seguir, asegur\u00f3 hoy una portavoz de la Conferencia de Naciones Unidas para el Comercio y el Desarrollo (UNCTAD), principal mediadora en las [&hellip;]","og_url":"https:\/\/diariolajornada.com\/?p=23486","og_site_name":"Diario La Jornada","article_publisher":"https:\/\/es-la.facebook.com\/lajornadadeguarico\/","article_published_time":"2023-07-25T16:13:38+00:00","article_modified_time":"2023-07-25T16:20:32+00:00","og_image":[{"width":580,"height":330,"url":"https:\/\/diariolajornada.com\/wp-content\/uploads\/2023\/07\/img_5300.jpg","type":"image\/jpeg"}],"author":"admin","twitter_card":"summary_large_image","twitter_misc":{"Escrito por":"admin","Tiempo de lectura":"2 minutos"},"schema":{"@context":"https:\/\/schema.org","@graph":[{"@type":"Article","@id":"https:\/\/diariolajornada.com\/?p=23486#article","isPartOf":{"@id":"https:\/\/diariolajornada.com\/?p=23486"},"author":{"name":"admin","@id":"https:\/\/diariolajornada.com\/#\/schema\/person\/83fc9ad02376abb532ce4553a399186b"},"headline":"ONU afirma que seguir\u00e1n esfuerzos para que Rusia regrese al acuerdo de cereales","datePublished":"2023-07-25T16:13:38+00:00","dateModified":"2023-07-25T16:20:32+00:00","mainEntityOfPage":{"@id":"https:\/\/diariolajornada.com\/?p=23486"},"wordCount":325,"commentCount":0,"publisher":{"@id":"https:\/\/diariolajornada.com\/#organization"},"image":{"@id":"https:\/\/diariolajornada.com\/?p=23486#primaryimage"},"thumbnailUrl":"https:\/\/diariolajornada.com\/wp-content\/uploads\/2023\/07\/img_5300.jpg","articleSection":["Internacionales"],"inLanguage":"es","potentialAction":[{"@type":"CommentAction","name":"Comment","target":["https:\/\/diariolajornada.com\/?p=23486#respond"]}]},{"@type":"WebPage","@id":"https:\/\/diariolajornada.com\/?p=23486","url":"https:\/\/diariolajornada.com\/?p=23486","name":"ONU afirma que seguir\u00e1n esfuerzos para que Rusia regrese al acuerdo de cereales - Diario La Jornada","isPartOf":{"@id":"https:\/\/diariolajornada.com\/#website"},"primaryImageOfPage":{"@id":"https:\/\/diariolajornada.com\/?p=23486#primaryimage"},"image":{"@id":"https:\/\/diariolajornada.com\/?p=23486#primaryimage"},"thumbnailUrl":"https:\/\/diariolajornada.com\/wp-content\/uploads\/2023\/07\/img_5300.jpg","datePublished":"2023-07-25T16:13:38+00:00","dateModified":"2023-07-25T16:20:32+00:00","breadcrumb":{"@id":"https:\/\/diariolajornada.com\/?p=23486#breadcrumb"},"inLanguage":"es","potentialAction":[{"@type":"ReadAction","target":["https:\/\/diariolajornada.com\/?p=23486"]}]},{"@type":"ImageObject","inLanguage":"es","@id":"https:\/\/diariolajornada.com\/?p=23486#primaryimage","url":"https:\/\/diariolajornada.com\/wp-content\/uploads\/2023\/07\/img_5300.jpg","contentUrl":"https:\/\/diariolajornada.com\/wp-content\/uploads\/2023\/07\/img_5300.jpg","width":580,"height":330},{"@type":"BreadcrumbList","@id":"https:\/\/diariolajornada.com\/?p=23486#breadcrumb","itemListElement":[{"@type":"ListItem","position":1,"name":"Portada","item":"https:\/\/diariolajornada.com\/"},{"@type":"ListItem","position":2,"name":"ONU afirma que seguir\u00e1n esfuerzos para que Rusia regrese al acuerdo de cereales"}]},{"@type":"WebSite","@id":"https:\/\/diariolajornada.com\/#website","url":"https:\/\/diariolajornada.com\/","name":"Diario La Jornada","description":"Noticias Nacionales Regionales e Internacionales","publisher":{"@id":"https:\/\/diariolajornada.com\/#organization"},"potentialAction":[{"@type":"SearchAction","target":{"@type":"EntryPoint","urlTemplate":"https:\/\/diariolajornada.com\/?s={search_term_string}"},"query-input":{"@type":"PropertyValueSpecification","valueRequired":true,"valueName":"search_term_string"}}],"inLanguage":"es"},{"@type":"Organization","@id":"https:\/\/diariolajornada.com\/#organization","name":"Diario La Jornada","url":"https:\/\/diariolajornada.com\/","logo":{"@type":"ImageObject","inLanguage":"es","@id":"https:\/\/diariolajornada.com\/#\/schema\/logo\/image\/","url":"https:\/\/diariolajornada.com\/wp-content\/uploads\/2021\/06\/LOGO-JORNADA-SVG-01-02.svg","contentUrl":"https:\/\/diariolajornada.com\/wp-content\/uploads\/2021\/06\/LOGO-JORNADA-SVG-01-02.svg","width":350,"height":100,"caption":"Diario La Jornada"},"image":{"@id":"https:\/\/diariolajornada.com\/#\/schema\/logo\/image\/"},"sameAs":["https:\/\/es-la.facebook.com\/lajornadadeguarico\/","https:\/\/www.instagram.com\/diariojornada\/?hl=es"]},{"@type":"Person","@id":"https:\/\/diariolajornada.com\/#\/schema\/person\/83fc9ad02376abb532ce4553a399186b","name":"admin","image":{"@type":"ImageObject","inLanguage":"es","@id":"https:\/\/diariolajornada.com\/#\/schema\/person\/image\/","url":"https:\/\/secure.gravatar.com\/avatar\/fdcecb87f300ccb988450328a61211f10a01c8bfedfca54e932145534024045b?s=96&d=mm&r=g","contentUrl":"https:\/\/secure.gravatar.com\/avatar\/fdcecb87f300ccb988450328a61211f10a01c8bfedfca54e932145534024045b?s=96&d=mm&r=g","caption":"admin"},"sameAs":["https:\/\/diariolajornada.com"],"url":"https:\/\/diariolajornada.com\/?author=1"}]}},"_links":{"self":[{"href":"https:\/\/diariolajornada.com\/index.php?rest_route=\/wp\/v2\/posts\/23486","targetHints":{"allow":["GET"]}}],"collection":[{"href":"https:\/\/diariolajornada.com\/index.php?rest_route=\/wp\/v2\/posts"}],"about":[{"href":"https:\/\/diariolajornada.com\/index.php?rest_route=\/wp\/v2\/types\/post"}],"author":[{"embeddable":true,"href":"https:\/\/diariolajornada.com\/index.php?rest_route=\/wp\/v2\/users\/1"}],"replies":[{"embeddable":true,"href":"https:\/\/diariolajornada.com\/index.php?rest_route=%2Fwp%2Fv2%2Fcomments&post=23486"}],"version-history":[{"count":1,"href":"https:\/\/diariolajornada.com\/index.php?rest_route=\/wp\/v2\/posts\/23486\/revisions"}],"predecessor-version":[{"id":23487,"href":"https:\/\/diariolajornada.com\/index.php?rest_route=\/wp\/v2\/posts\/23486\/revisions\/23487"}],"wp:featuredmedia":[{"embeddable":true,"href":"https:\/\/diariolajornada.com\/index.php?rest_route=\/wp\/v2\/media\/19525"}],"wp:attachment":[{"href":"https:\/\/diariolajornada.com\/index.php?rest_route=%2Fwp%2Fv2%2Fmedia&parent=23486"}],"wp:term":[{"taxonomy":"category","embeddable":true,"href":"https:\/\/diariolajornada.com\/index.php?rest_route=%2Fwp%2Fv2%2Fcategories&post=23486"},{"taxonomy":"post_tag","embeddable":true,"href":"https:\/\/diariolajornada.com\/index.php?rest_route=%2Fwp%2Fv2%2Ftags&post=23486"}],"curies":[{"name":"wp","href":"https:\/\/api.w.org\/{rel}","templated":true}]}}