{"id":23492,"date":"2023-07-25T14:18:38","date_gmt":"2023-07-25T18:18:38","guid":{"rendered":"https:\/\/diariolajornada.com\/?p=23492"},"modified":"2023-07-25T14:20:17","modified_gmt":"2023-07-25T18:20:17","slug":"realizaran-la-segunda-edicion-de-la-expoferia-agropecuaria-en-falcon","status":"publish","type":"post","link":"https:\/\/diariolajornada.com\/?p=23492","title":{"rendered":"Realizar\u00e1n la segunda edici\u00f3n de la Expoferia Agropecuaria en Falc\u00f3n"},"content":{"rendered":"\n<p><strong>@diariojornada<\/strong><\/p>\n\n\n\n<p><strong>Diario La Jornada. \u2013 <\/strong>Del 26 al 30 de julio, se realizar\u00e1 la segunda edici\u00f3n de la Expoferia Agropecuaria, en el Parque Ferial \u201cDon Pablo Saher\u201d, en la ciudad de Coro, as\u00ed lo inform\u00f3 el secretario de Econom\u00eda de la Gobernaci\u00f3n del estado Falc\u00f3n, Sergio Quintero. <\/p>\n\n\n\n<p>Quintero record\u00f3 que la primera expoferia cont\u00f3 con la presencia de m\u00e1s de&nbsp;3.040 ganader\u00edas, 400 ejemplares en aquel momento, entre el ganado caprino, bovino, ovino, la exposici\u00f3n gastron\u00f3mica y eventos culturales. \u201cFue un \u00e9xito esta expoferia el a\u00f1o pasado\u201d.<\/p>\n\n\n\n<p>Indic\u00f3 que para este a\u00f1o, se cuenta \u201ccon una participaci\u00f3n mucho mayor, hasta el momento tenemos confirmada la presencia de m\u00e1s de 50 ganader\u00edas, m\u00e1s de 500 ejemplares entre las distintas especies\u201d.<\/p>\n\n\n\n<p>En esta expoferia, participan productores de los estados Lara, Zulia, occidentales y centrales, \u201ctenemos concursos de productos l\u00e1cteos, dulce de leche, que es uno de los grandes fuertes y de las grandes competencias que se da en el occidente del pa\u00eds\u201d.<\/p>\n\n\n\n<p>En el evento tambi\u00e9n habr\u00e1n concursos de producci\u00f3n de leche, calidad de la leche, \u201cque es un agregado, un poco para demostrar y darle a ese realce a nuestros productores, que con mucho esfuerzo cumplen con su trabajo en la diversificaci\u00f3n de la econom\u00eda\u201d.<\/p>\n\n\n\n<p>Record\u00f3 que el estado Falc\u00f3n, adem\u00e1s del potencial tur\u00edstico que tiene, \u201ces un estado eminentemente agr\u00edcola. Los 25 municipios tienen una vocaci\u00f3n agropecuaria, es el tercer estado productor de leche del pa\u00eds, el primero en materia caprina, aqu\u00ed son 60 mil empleos que se generan a trav\u00e9s de la actividad agropecuaria, por lo tanto tiene un papel fundamental en la econom\u00eda estatal\u201d.<\/p>\n\n\n\n<p><strong>Con informaci\u00f3n de VTV<\/strong><\/p>\n","protected":false},"excerpt":{"rendered":"<p>@diariojornada Diario La Jornada. \u2013 Del 26 al 30 de julio, se realizar\u00e1 la segunda edici\u00f3n de la Expoferia Agropecuaria, en el Parque Ferial \u201cDon Pablo Saher\u201d, en la ciudad de Coro, as\u00ed lo inform\u00f3 el secretario de Econom\u00eda de la Gobernaci\u00f3n del estado Falc\u00f3n, Sergio Quintero. Quintero record\u00f3 que la primera expoferia cont\u00f3 con [&hellip;]<\/p>\n","protected":false},"author":1,"featured_media":23491,"comment_status":"open","ping_status":"open","sticky":false,"template":"","format":"standard","meta":{"footnotes":""},"categories":[9],"tags":[],"class_list":["post-23492","post","type-post","status-publish","format-standard","has-post-thumbnail","hentry","category-regionales"],"yoast_head":"<!-- This site is optimized with the Yoast SEO plugin v24.4 - https:\/\/yoast.com\/wordpress\/plugins\/seo\/ -->\n<title>Realizar\u00e1n la segunda edici\u00f3n de la Expoferia Agropecuaria en Falc\u00f3n - Diario La Jornada<\/title>\n<meta name=\"robots\" content=\"index, follow, max-snippet:-1, max-image-preview:large, max-video-preview:-1\" \/>\n<link rel=\"canonical\" href=\"https:\/\/diariolajornada.com\/?p=23492\" \/>\n<meta property=\"og:locale\" content=\"es_ES\" \/>\n<meta property=\"og:type\" content=\"article\" \/>\n<meta property=\"og:title\" content=\"Realizar\u00e1n la segunda edici\u00f3n de la Expoferia Agropecuaria en Falc\u00f3n - Diario La Jornada\" \/>\n<meta property=\"og:description\" content=\"@diariojornada Diario La Jornada. \u2013 Del 26 al 30 de julio, se realizar\u00e1 la segunda edici\u00f3n de la Expoferia Agropecuaria, en el Parque Ferial \u201cDon Pablo Saher\u201d, en la ciudad de Coro, as\u00ed lo inform\u00f3 el secretario de Econom\u00eda de la Gobernaci\u00f3n del estado Falc\u00f3n, Sergio Quintero. Quintero record\u00f3 que la primera expoferia cont\u00f3 con [&hellip;]\" \/>\n<meta property=\"og:url\" content=\"https:\/\/diariolajornada.com\/?p=23492\" \/>\n<meta property=\"og:site_name\" content=\"Diario La Jornada\" \/>\n<meta property=\"article:publisher\" content=\"https:\/\/es-la.facebook.com\/lajornadadeguarico\/\" \/>\n<meta property=\"article:published_time\" content=\"2023-07-25T18:18:38+00:00\" \/>\n<meta property=\"article:modified_time\" content=\"2023-07-25T18:20:17+00:00\" \/>\n<meta property=\"og:image\" content=\"https:\/\/diariolajornada.com\/wp-content\/uploads\/2023\/07\/img_5631.jpg\" \/>\n\t<meta property=\"og:image:width\" content=\"677\" \/>\n\t<meta property=\"og:image:height\" content=\"374\" \/>\n\t<meta property=\"og:image:type\" content=\"image\/jpeg\" \/>\n<meta name=\"author\" content=\"admin\" \/>\n<meta name=\"twitter:card\" content=\"summary_large_image\" \/>\n<meta name=\"twitter:label1\" content=\"Escrito por\" \/>\n\t<meta name=\"twitter:data1\" content=\"admin\" \/>\n\t<meta name=\"twitter:label2\" content=\"Tiempo de lectura\" \/>\n\t<meta name=\"twitter:data2\" content=\"1 minuto\" \/>\n<script type=\"application\/ld+json\" class=\"yoast-schema-graph\">{\"@context\":\"https:\/\/schema.org\",\"@graph\":[{\"@type\":\"Article\",\"@id\":\"https:\/\/diariolajornada.com\/?p=23492#article\",\"isPartOf\":{\"@id\":\"https:\/\/diariolajornada.com\/?p=23492\"},\"author\":{\"name\":\"admin\",\"@id\":\"https:\/\/diariolajornada.com\/#\/schema\/person\/83fc9ad02376abb532ce4553a399186b\"},\"headline\":\"Realizar\u00e1n la segunda edici\u00f3n de la Expoferia Agropecuaria en Falc\u00f3n\",\"datePublished\":\"2023-07-25T18:18:38+00:00\",\"dateModified\":\"2023-07-25T18:20:17+00:00\",\"mainEntityOfPage\":{\"@id\":\"https:\/\/diariolajornada.com\/?p=23492\"},\"wordCount\":305,\"commentCount\":0,\"publisher\":{\"@id\":\"https:\/\/diariolajornada.com\/#organization\"},\"image\":{\"@id\":\"https:\/\/diariolajornada.com\/?p=23492#primaryimage\"},\"thumbnailUrl\":\"https:\/\/diariolajornada.com\/wp-content\/uploads\/2023\/07\/img_5631.jpg\",\"articleSection\":[\"Regionales\"],\"inLanguage\":\"es\",\"potentialAction\":[{\"@type\":\"CommentAction\",\"name\":\"Comment\",\"target\":[\"https:\/\/diariolajornada.com\/?p=23492#respond\"]}]},{\"@type\":\"WebPage\",\"@id\":\"https:\/\/diariolajornada.com\/?p=23492\",\"url\":\"https:\/\/diariolajornada.com\/?p=23492\",\"name\":\"Realizar\u00e1n la segunda edici\u00f3n de la Expoferia Agropecuaria en Falc\u00f3n - Diario La Jornada\",\"isPartOf\":{\"@id\":\"https:\/\/diariolajornada.com\/#website\"},\"primaryImageOfPage\":{\"@id\":\"https:\/\/diariolajornada.com\/?p=23492#primaryimage\"},\"image\":{\"@id\":\"https:\/\/diariolajornada.com\/?p=23492#primaryimage\"},\"thumbnailUrl\":\"https:\/\/diariolajornada.com\/wp-content\/uploads\/2023\/07\/img_5631.jpg\",\"datePublished\":\"2023-07-25T18:18:38+00:00\",\"dateModified\":\"2023-07-25T18:20:17+00:00\",\"breadcrumb\":{\"@id\":\"https:\/\/diariolajornada.com\/?p=23492#breadcrumb\"},\"inLanguage\":\"es\",\"potentialAction\":[{\"@type\":\"ReadAction\",\"target\":[\"https:\/\/diariolajornada.com\/?p=23492\"]}]},{\"@type\":\"ImageObject\",\"inLanguage\":\"es\",\"@id\":\"https:\/\/diariolajornada.com\/?p=23492#primaryimage\",\"url\":\"https:\/\/diariolajornada.com\/wp-content\/uploads\/2023\/07\/img_5631.jpg\",\"contentUrl\":\"https:\/\/diariolajornada.com\/wp-content\/uploads\/2023\/07\/img_5631.jpg\",\"width\":677,\"height\":374},{\"@type\":\"BreadcrumbList\",\"@id\":\"https:\/\/diariolajornada.com\/?p=23492#breadcrumb\",\"itemListElement\":[{\"@type\":\"ListItem\",\"position\":1,\"name\":\"Portada\",\"item\":\"https:\/\/diariolajornada.com\/\"},{\"@type\":\"ListItem\",\"position\":2,\"name\":\"Realizar\u00e1n la segunda edici\u00f3n de la Expoferia Agropecuaria en Falc\u00f3n\"}]},{\"@type\":\"WebSite\",\"@id\":\"https:\/\/diariolajornada.com\/#website\",\"url\":\"https:\/\/diariolajornada.com\/\",\"name\":\"Diario La Jornada\",\"description\":\"Noticias Nacionales Regionales e Internacionales\",\"publisher\":{\"@id\":\"https:\/\/diariolajornada.com\/#organization\"},\"potentialAction\":[{\"@type\":\"SearchAction\",\"target\":{\"@type\":\"EntryPoint\",\"urlTemplate\":\"https:\/\/diariolajornada.com\/?s={search_term_string}\"},\"query-input\":{\"@type\":\"PropertyValueSpecification\",\"valueRequired\":true,\"valueName\":\"search_term_string\"}}],\"inLanguage\":\"es\"},{\"@type\":\"Organization\",\"@id\":\"https:\/\/diariolajornada.com\/#organization\",\"name\":\"Diario La Jornada\",\"url\":\"https:\/\/diariolajornada.com\/\",\"logo\":{\"@type\":\"ImageObject\",\"inLanguage\":\"es\",\"@id\":\"https:\/\/diariolajornada.com\/#\/schema\/logo\/image\/\",\"url\":\"https:\/\/diariolajornada.com\/wp-content\/uploads\/2021\/06\/LOGO-JORNADA-SVG-01-02.svg\",\"contentUrl\":\"https:\/\/diariolajornada.com\/wp-content\/uploads\/2021\/06\/LOGO-JORNADA-SVG-01-02.svg\",\"width\":350,\"height\":100,\"caption\":\"Diario La Jornada\"},\"image\":{\"@id\":\"https:\/\/diariolajornada.com\/#\/schema\/logo\/image\/\"},\"sameAs\":[\"https:\/\/es-la.facebook.com\/lajornadadeguarico\/\",\"https:\/\/www.instagram.com\/diariojornada\/?hl=es\"]},{\"@type\":\"Person\",\"@id\":\"https:\/\/diariolajornada.com\/#\/schema\/person\/83fc9ad02376abb532ce4553a399186b\",\"name\":\"admin\",\"image\":{\"@type\":\"ImageObject\",\"inLanguage\":\"es\",\"@id\":\"https:\/\/diariolajornada.com\/#\/schema\/person\/image\/\",\"url\":\"https:\/\/secure.gravatar.com\/avatar\/fdcecb87f300ccb988450328a61211f10a01c8bfedfca54e932145534024045b?s=96&d=mm&r=g\",\"contentUrl\":\"https:\/\/secure.gravatar.com\/avatar\/fdcecb87f300ccb988450328a61211f10a01c8bfedfca54e932145534024045b?s=96&d=mm&r=g\",\"caption\":\"admin\"},\"sameAs\":[\"https:\/\/diariolajornada.com\"],\"url\":\"https:\/\/diariolajornada.com\/?author=1\"}]}<\/script>\n<!-- \/ Yoast SEO plugin. -->","yoast_head_json":{"title":"Realizar\u00e1n la segunda edici\u00f3n de la Expoferia Agropecuaria en Falc\u00f3n - Diario La Jornada","robots":{"index":"index","follow":"follow","max-snippet":"max-snippet:-1","max-image-preview":"max-image-preview:large","max-video-preview":"max-video-preview:-1"},"canonical":"https:\/\/diariolajornada.com\/?p=23492","og_locale":"es_ES","og_type":"article","og_title":"Realizar\u00e1n la segunda edici\u00f3n de la Expoferia Agropecuaria en Falc\u00f3n - Diario La Jornada","og_description":"@diariojornada Diario La Jornada. \u2013 Del 26 al 30 de julio, se realizar\u00e1 la segunda edici\u00f3n de la Expoferia Agropecuaria, en el Parque Ferial \u201cDon Pablo Saher\u201d, en la ciudad de Coro, as\u00ed lo inform\u00f3 el secretario de Econom\u00eda de la Gobernaci\u00f3n del estado Falc\u00f3n, Sergio Quintero. Quintero record\u00f3 que la primera expoferia cont\u00f3 con [&hellip;]","og_url":"https:\/\/diariolajornada.com\/?p=23492","og_site_name":"Diario La Jornada","article_publisher":"https:\/\/es-la.facebook.com\/lajornadadeguarico\/","article_published_time":"2023-07-25T18:18:38+00:00","article_modified_time":"2023-07-25T18:20:17+00:00","og_image":[{"width":677,"height":374,"url":"https:\/\/diariolajornada.com\/wp-content\/uploads\/2023\/07\/img_5631.jpg","type":"image\/jpeg"}],"author":"admin","twitter_card":"summary_large_image","twitter_misc":{"Escrito por":"admin","Tiempo de lectura":"1 minuto"},"schema":{"@context":"https:\/\/schema.org","@graph":[{"@type":"Article","@id":"https:\/\/diariolajornada.com\/?p=23492#article","isPartOf":{"@id":"https:\/\/diariolajornada.com\/?p=23492"},"author":{"name":"admin","@id":"https:\/\/diariolajornada.com\/#\/schema\/person\/83fc9ad02376abb532ce4553a399186b"},"headline":"Realizar\u00e1n la segunda edici\u00f3n de la Expoferia Agropecuaria en Falc\u00f3n","datePublished":"2023-07-25T18:18:38+00:00","dateModified":"2023-07-25T18:20:17+00:00","mainEntityOfPage":{"@id":"https:\/\/diariolajornada.com\/?p=23492"},"wordCount":305,"commentCount":0,"publisher":{"@id":"https:\/\/diariolajornada.com\/#organization"},"image":{"@id":"https:\/\/diariolajornada.com\/?p=23492#primaryimage"},"thumbnailUrl":"https:\/\/diariolajornada.com\/wp-content\/uploads\/2023\/07\/img_5631.jpg","articleSection":["Regionales"],"inLanguage":"es","potentialAction":[{"@type":"CommentAction","name":"Comment","target":["https:\/\/diariolajornada.com\/?p=23492#respond"]}]},{"@type":"WebPage","@id":"https:\/\/diariolajornada.com\/?p=23492","url":"https:\/\/diariolajornada.com\/?p=23492","name":"Realizar\u00e1n la segunda edici\u00f3n de la Expoferia Agropecuaria en Falc\u00f3n - Diario La Jornada","isPartOf":{"@id":"https:\/\/diariolajornada.com\/#website"},"primaryImageOfPage":{"@id":"https:\/\/diariolajornada.com\/?p=23492#primaryimage"},"image":{"@id":"https:\/\/diariolajornada.com\/?p=23492#primaryimage"},"thumbnailUrl":"https:\/\/diariolajornada.com\/wp-content\/uploads\/2023\/07\/img_5631.jpg","datePublished":"2023-07-25T18:18:38+00:00","dateModified":"2023-07-25T18:20:17+00:00","breadcrumb":{"@id":"https:\/\/diariolajornada.com\/?p=23492#breadcrumb"},"inLanguage":"es","potentialAction":[{"@type":"ReadAction","target":["https:\/\/diariolajornada.com\/?p=23492"]}]},{"@type":"ImageObject","inLanguage":"es","@id":"https:\/\/diariolajornada.com\/?p=23492#primaryimage","url":"https:\/\/diariolajornada.com\/wp-content\/uploads\/2023\/07\/img_5631.jpg","contentUrl":"https:\/\/diariolajornada.com\/wp-content\/uploads\/2023\/07\/img_5631.jpg","width":677,"height":374},{"@type":"BreadcrumbList","@id":"https:\/\/diariolajornada.com\/?p=23492#breadcrumb","itemListElement":[{"@type":"ListItem","position":1,"name":"Portada","item":"https:\/\/diariolajornada.com\/"},{"@type":"ListItem","position":2,"name":"Realizar\u00e1n la segunda edici\u00f3n de la Expoferia Agropecuaria en Falc\u00f3n"}]},{"@type":"WebSite","@id":"https:\/\/diariolajornada.com\/#website","url":"https:\/\/diariolajornada.com\/","name":"Diario La Jornada","description":"Noticias Nacionales Regionales e Internacionales","publisher":{"@id":"https:\/\/diariolajornada.com\/#organization"},"potentialAction":[{"@type":"SearchAction","target":{"@type":"EntryPoint","urlTemplate":"https:\/\/diariolajornada.com\/?s={search_term_string}"},"query-input":{"@type":"PropertyValueSpecification","valueRequired":true,"valueName":"search_term_string"}}],"inLanguage":"es"},{"@type":"Organization","@id":"https:\/\/diariolajornada.com\/#organization","name":"Diario La Jornada","url":"https:\/\/diariolajornada.com\/","logo":{"@type":"ImageObject","inLanguage":"es","@id":"https:\/\/diariolajornada.com\/#\/schema\/logo\/image\/","url":"https:\/\/diariolajornada.com\/wp-content\/uploads\/2021\/06\/LOGO-JORNADA-SVG-01-02.svg","contentUrl":"https:\/\/diariolajornada.com\/wp-content\/uploads\/2021\/06\/LOGO-JORNADA-SVG-01-02.svg","width":350,"height":100,"caption":"Diario La Jornada"},"image":{"@id":"https:\/\/diariolajornada.com\/#\/schema\/logo\/image\/"},"sameAs":["https:\/\/es-la.facebook.com\/lajornadadeguarico\/","https:\/\/www.instagram.com\/diariojornada\/?hl=es"]},{"@type":"Person","@id":"https:\/\/diariolajornada.com\/#\/schema\/person\/83fc9ad02376abb532ce4553a399186b","name":"admin","image":{"@type":"ImageObject","inLanguage":"es","@id":"https:\/\/diariolajornada.com\/#\/schema\/person\/image\/","url":"https:\/\/secure.gravatar.com\/avatar\/fdcecb87f300ccb988450328a61211f10a01c8bfedfca54e932145534024045b?s=96&d=mm&r=g","contentUrl":"https:\/\/secure.gravatar.com\/avatar\/fdcecb87f300ccb988450328a61211f10a01c8bfedfca54e932145534024045b?s=96&d=mm&r=g","caption":"admin"},"sameAs":["https:\/\/diariolajornada.com"],"url":"https:\/\/diariolajornada.com\/?author=1"}]}},"_links":{"self":[{"href":"https:\/\/diariolajornada.com\/index.php?rest_route=\/wp\/v2\/posts\/23492","targetHints":{"allow":["GET"]}}],"collection":[{"href":"https:\/\/diariolajornada.com\/index.php?rest_route=\/wp\/v2\/posts"}],"about":[{"href":"https:\/\/diariolajornada.com\/index.php?rest_route=\/wp\/v2\/types\/post"}],"author":[{"embeddable":true,"href":"https:\/\/diariolajornada.com\/index.php?rest_route=\/wp\/v2\/users\/1"}],"replies":[{"embeddable":true,"href":"https:\/\/diariolajornada.com\/index.php?rest_route=%2Fwp%2Fv2%2Fcomments&post=23492"}],"version-history":[{"count":1,"href":"https:\/\/diariolajornada.com\/index.php?rest_route=\/wp\/v2\/posts\/23492\/revisions"}],"predecessor-version":[{"id":23493,"href":"https:\/\/diariolajornada.com\/index.php?rest_route=\/wp\/v2\/posts\/23492\/revisions\/23493"}],"wp:featuredmedia":[{"embeddable":true,"href":"https:\/\/diariolajornada.com\/index.php?rest_route=\/wp\/v2\/media\/23491"}],"wp:attachment":[{"href":"https:\/\/diariolajornada.com\/index.php?rest_route=%2Fwp%2Fv2%2Fmedia&parent=23492"}],"wp:term":[{"taxonomy":"category","embeddable":true,"href":"https:\/\/diariolajornada.com\/index.php?rest_route=%2Fwp%2Fv2%2Fcategories&post=23492"},{"taxonomy":"post_tag","embeddable":true,"href":"https:\/\/diariolajornada.com\/index.php?rest_route=%2Fwp%2Fv2%2Ftags&post=23492"}],"curies":[{"name":"wp","href":"https:\/\/api.w.org\/{rel}","templated":true}]}}