{"id":23495,"date":"2023-07-25T14:32:14","date_gmt":"2023-07-25T18:32:14","guid":{"rendered":"https:\/\/diariolajornada.com\/?p=23495"},"modified":"2023-07-25T14:32:31","modified_gmt":"2023-07-25T18:32:31","slug":"el-psoe-negociara-con-discrecion-para-gobernar-y-rechaza-el-referendum-en-cataluna","status":"publish","type":"post","link":"https:\/\/diariolajornada.com\/?p=23495","title":{"rendered":"El PSOE negociar\u00e1 con \u201cdiscreci\u00f3n\u201d para gobernar y rechaza el refer\u00e9ndum en Catalu\u00f1a"},"content":{"rendered":"\n<p><strong>@diariojornada<\/strong><\/p>\n\n\n\n<p><strong>Diario La Jornada. \u2013 <\/strong>La vicesecretaria general del PSOE, Mar\u00eda Jes\u00fas Montero, ha dicho este martes que su partido negociar\u00e1 con \u201cdiscreci\u00f3n\u201d una investidura de Pedro S\u00e1nchez como presidente tras el 23J con aquellas formaciones a favor de la \u201cmayor\u00eda social\u201d de Espa\u00f1a, y ha rechazado el refer\u00e9ndum para Catalu\u00f1a y la amnist\u00eda que pide Junts.<br><br>\u201cEl PSOE siempre ha sido muy claro con esta cuesti\u00f3n. Somos un partido constitucionalista, cualquier cuesti\u00f3n que abordemos tiene que estar en ese marco constitucional\u201d, ha comentado en una entrevista en La Ser preguntada por el refer\u00e9ndum y la amnist\u00eda, que son dos exigencias que Junts ha planteado para apoyar una hipot\u00e9tica investidura de S\u00e1nchez como presidente del Gobierno.<br><br>El PSOE qued\u00f3 en segundo lugar en las elecciones generales del pasado domingo, tras el PP, pero tiene opci\u00f3n de seguir gobernando con el apoyo de Sumar, ERC, EH Bildu, BNG, PNV y el s\u00ed o la abstenci\u00f3n de Junts.<br><br>Montero ha dicho que ahora la prioridad es la constituci\u00f3n de las Cortes el 17 de agosto, y ha confirmado que los socialistas aspirar\u00e1n a presidir la Mesa del Congreso de los Diputados, pero tambi\u00e9n ha ratificado la voluntad del PSOE de negociar una investidura de S\u00e1nchez, para lo que ha pedido \u201cdiscreci\u00f3n\u201d.<br><br>\u201cPara llevar una negociaci\u00f3n a buen puerto necesitamos tener discreci\u00f3n. Seguiremos hablando como siempre con todos aquellos que quieran seguir desarrollando un proyecto de pa\u00eds donde prime la mayor\u00eda social, el inter\u00e9s general\u201d, ha declarado.<br><br>Preguntada directamente si Junts forma parte del \u201cmarco progresista\u201d que podr\u00eda apoyar una investidura de S\u00e1nchez, la tambi\u00e9n ministra de Hacienda en funciones ha dicho que quien tiene que responder a ello es esta formaci\u00f3n, a la que no ha querido calificar, y ha negado que pueda llegar a haber una \u201cbalcanizaci\u00f3n\u201d, como ha augurado el l\u00edder del PP, Alberto N\u00fa\u00f1ez Feij\u00f3o.<br><br>\u201cEn absoluto, se producir\u00eda una articulaci\u00f3n de lo que la gente ha querido, de lo que la gente ha votado. Ha votado mayoritariamente progreso\u201d, ha asegurado.<br><br>Montero ha incidido en la necesidad de articular \u201cun acuerdo y consenso\u201d para que siga habiendo un gobierno \u201cprogresista\u201d en Espa\u00f1a, \u201ca pesar de la discrepancia que pueda haber a priori entre los sentidos ideol\u00f3gicos de cada formaci\u00f3n\u201d, y se ha mostrado convencida de que se lograr\u00e1.<br><br>Y sobre si hay margen para negociar medidas para Catalu\u00f1a tras los indultos a l\u00edderes del proc\u00e9s y la reforma de los delitos de sedici\u00f3n y malversaci\u00f3n, ha comentado que \u201chay margen para seguir desarrollando una Espa\u00f1a de avance\u201d que, a su juicio, \u201ces la \u00fanica lectura de estas elecciones\u201d, al haber ganado en su opini\u00f3n \u201cuna mayor\u00eda de progreso\u201d.<\/p>\n\n\n\n<p><strong>Con informaci\u00f3n de EFE<\/strong><\/p>\n","protected":false},"excerpt":{"rendered":"<p>@diariojornada Diario La Jornada. \u2013 La vicesecretaria general del PSOE, Mar\u00eda Jes\u00fas Montero, ha dicho este martes que su partido negociar\u00e1 con \u201cdiscreci\u00f3n\u201d una investidura de Pedro S\u00e1nchez como presidente tras el 23J con aquellas formaciones a favor de la \u201cmayor\u00eda social\u201d de Espa\u00f1a, y ha rechazado el refer\u00e9ndum para Catalu\u00f1a y la amnist\u00eda que [&hellip;]<\/p>\n","protected":false},"author":1,"featured_media":23494,"comment_status":"open","ping_status":"open","sticky":false,"template":"","format":"standard","meta":{"footnotes":""},"categories":[10],"tags":[],"class_list":["post-23495","post","type-post","status-publish","format-standard","has-post-thumbnail","hentry","category-internacionales"],"yoast_head":"<!-- This site is optimized with the Yoast SEO plugin v24.4 - https:\/\/yoast.com\/wordpress\/plugins\/seo\/ -->\n<title>El PSOE negociar\u00e1 con \u201cdiscreci\u00f3n\u201d para gobernar y rechaza el refer\u00e9ndum en Catalu\u00f1a - Diario La Jornada<\/title>\n<meta name=\"robots\" content=\"index, follow, max-snippet:-1, max-image-preview:large, max-video-preview:-1\" \/>\n<link rel=\"canonical\" href=\"https:\/\/diariolajornada.com\/?p=23495\" \/>\n<meta property=\"og:locale\" content=\"es_ES\" \/>\n<meta property=\"og:type\" content=\"article\" \/>\n<meta property=\"og:title\" content=\"El PSOE negociar\u00e1 con \u201cdiscreci\u00f3n\u201d para gobernar y rechaza el refer\u00e9ndum en Catalu\u00f1a - Diario La Jornada\" \/>\n<meta property=\"og:description\" content=\"@diariojornada Diario La Jornada. \u2013 La vicesecretaria general del PSOE, Mar\u00eda Jes\u00fas Montero, ha dicho este martes que su partido negociar\u00e1 con \u201cdiscreci\u00f3n\u201d una investidura de Pedro S\u00e1nchez como presidente tras el 23J con aquellas formaciones a favor de la \u201cmayor\u00eda social\u201d de Espa\u00f1a, y ha rechazado el refer\u00e9ndum para Catalu\u00f1a y la amnist\u00eda que [&hellip;]\" \/>\n<meta property=\"og:url\" content=\"https:\/\/diariolajornada.com\/?p=23495\" \/>\n<meta property=\"og:site_name\" content=\"Diario La Jornada\" \/>\n<meta property=\"article:publisher\" content=\"https:\/\/es-la.facebook.com\/lajornadadeguarico\/\" \/>\n<meta property=\"article:published_time\" content=\"2023-07-25T18:32:14+00:00\" \/>\n<meta property=\"article:modified_time\" content=\"2023-07-25T18:32:31+00:00\" \/>\n<meta property=\"og:image\" content=\"https:\/\/diariolajornada.com\/wp-content\/uploads\/2023\/07\/img_5637.jpg\" \/>\n\t<meta property=\"og:image:width\" content=\"1920\" \/>\n\t<meta property=\"og:image:height\" content=\"1280\" \/>\n\t<meta property=\"og:image:type\" content=\"image\/jpeg\" \/>\n<meta name=\"author\" content=\"admin\" \/>\n<meta name=\"twitter:card\" content=\"summary_large_image\" \/>\n<meta name=\"twitter:label1\" content=\"Escrito por\" \/>\n\t<meta name=\"twitter:data1\" content=\"admin\" \/>\n\t<meta name=\"twitter:label2\" content=\"Tiempo de lectura\" \/>\n\t<meta name=\"twitter:data2\" content=\"2 minutos\" \/>\n<script type=\"application\/ld+json\" class=\"yoast-schema-graph\">{\"@context\":\"https:\/\/schema.org\",\"@graph\":[{\"@type\":\"Article\",\"@id\":\"https:\/\/diariolajornada.com\/?p=23495#article\",\"isPartOf\":{\"@id\":\"https:\/\/diariolajornada.com\/?p=23495\"},\"author\":{\"name\":\"admin\",\"@id\":\"https:\/\/diariolajornada.com\/#\/schema\/person\/83fc9ad02376abb532ce4553a399186b\"},\"headline\":\"El PSOE negociar\u00e1 con \u201cdiscreci\u00f3n\u201d para gobernar y rechaza el refer\u00e9ndum en Catalu\u00f1a\",\"datePublished\":\"2023-07-25T18:32:14+00:00\",\"dateModified\":\"2023-07-25T18:32:31+00:00\",\"mainEntityOfPage\":{\"@id\":\"https:\/\/diariolajornada.com\/?p=23495\"},\"wordCount\":506,\"commentCount\":0,\"publisher\":{\"@id\":\"https:\/\/diariolajornada.com\/#organization\"},\"image\":{\"@id\":\"https:\/\/diariolajornada.com\/?p=23495#primaryimage\"},\"thumbnailUrl\":\"https:\/\/diariolajornada.com\/wp-content\/uploads\/2023\/07\/img_5637.jpg\",\"articleSection\":[\"Internacionales\"],\"inLanguage\":\"es\",\"potentialAction\":[{\"@type\":\"CommentAction\",\"name\":\"Comment\",\"target\":[\"https:\/\/diariolajornada.com\/?p=23495#respond\"]}]},{\"@type\":\"WebPage\",\"@id\":\"https:\/\/diariolajornada.com\/?p=23495\",\"url\":\"https:\/\/diariolajornada.com\/?p=23495\",\"name\":\"El PSOE negociar\u00e1 con \u201cdiscreci\u00f3n\u201d para gobernar y rechaza el refer\u00e9ndum en Catalu\u00f1a - Diario La Jornada\",\"isPartOf\":{\"@id\":\"https:\/\/diariolajornada.com\/#website\"},\"primaryImageOfPage\":{\"@id\":\"https:\/\/diariolajornada.com\/?p=23495#primaryimage\"},\"image\":{\"@id\":\"https:\/\/diariolajornada.com\/?p=23495#primaryimage\"},\"thumbnailUrl\":\"https:\/\/diariolajornada.com\/wp-content\/uploads\/2023\/07\/img_5637.jpg\",\"datePublished\":\"2023-07-25T18:32:14+00:00\",\"dateModified\":\"2023-07-25T18:32:31+00:00\",\"breadcrumb\":{\"@id\":\"https:\/\/diariolajornada.com\/?p=23495#breadcrumb\"},\"inLanguage\":\"es\",\"potentialAction\":[{\"@type\":\"ReadAction\",\"target\":[\"https:\/\/diariolajornada.com\/?p=23495\"]}]},{\"@type\":\"ImageObject\",\"inLanguage\":\"es\",\"@id\":\"https:\/\/diariolajornada.com\/?p=23495#primaryimage\",\"url\":\"https:\/\/diariolajornada.com\/wp-content\/uploads\/2023\/07\/img_5637.jpg\",\"contentUrl\":\"https:\/\/diariolajornada.com\/wp-content\/uploads\/2023\/07\/img_5637.jpg\",\"width\":1920,\"height\":1280},{\"@type\":\"BreadcrumbList\",\"@id\":\"https:\/\/diariolajornada.com\/?p=23495#breadcrumb\",\"itemListElement\":[{\"@type\":\"ListItem\",\"position\":1,\"name\":\"Portada\",\"item\":\"https:\/\/diariolajornada.com\/\"},{\"@type\":\"ListItem\",\"position\":2,\"name\":\"El PSOE negociar\u00e1 con \u201cdiscreci\u00f3n\u201d para gobernar y rechaza el refer\u00e9ndum en Catalu\u00f1a\"}]},{\"@type\":\"WebSite\",\"@id\":\"https:\/\/diariolajornada.com\/#website\",\"url\":\"https:\/\/diariolajornada.com\/\",\"name\":\"Diario La Jornada\",\"description\":\"Noticias Nacionales Regionales e Internacionales\",\"publisher\":{\"@id\":\"https:\/\/diariolajornada.com\/#organization\"},\"potentialAction\":[{\"@type\":\"SearchAction\",\"target\":{\"@type\":\"EntryPoint\",\"urlTemplate\":\"https:\/\/diariolajornada.com\/?s={search_term_string}\"},\"query-input\":{\"@type\":\"PropertyValueSpecification\",\"valueRequired\":true,\"valueName\":\"search_term_string\"}}],\"inLanguage\":\"es\"},{\"@type\":\"Organization\",\"@id\":\"https:\/\/diariolajornada.com\/#organization\",\"name\":\"Diario La Jornada\",\"url\":\"https:\/\/diariolajornada.com\/\",\"logo\":{\"@type\":\"ImageObject\",\"inLanguage\":\"es\",\"@id\":\"https:\/\/diariolajornada.com\/#\/schema\/logo\/image\/\",\"url\":\"https:\/\/diariolajornada.com\/wp-content\/uploads\/2021\/06\/LOGO-JORNADA-SVG-01-02.svg\",\"contentUrl\":\"https:\/\/diariolajornada.com\/wp-content\/uploads\/2021\/06\/LOGO-JORNADA-SVG-01-02.svg\",\"width\":350,\"height\":100,\"caption\":\"Diario La Jornada\"},\"image\":{\"@id\":\"https:\/\/diariolajornada.com\/#\/schema\/logo\/image\/\"},\"sameAs\":[\"https:\/\/es-la.facebook.com\/lajornadadeguarico\/\",\"https:\/\/www.instagram.com\/diariojornada\/?hl=es\"]},{\"@type\":\"Person\",\"@id\":\"https:\/\/diariolajornada.com\/#\/schema\/person\/83fc9ad02376abb532ce4553a399186b\",\"name\":\"admin\",\"image\":{\"@type\":\"ImageObject\",\"inLanguage\":\"es\",\"@id\":\"https:\/\/diariolajornada.com\/#\/schema\/person\/image\/\",\"url\":\"https:\/\/secure.gravatar.com\/avatar\/fdcecb87f300ccb988450328a61211f10a01c8bfedfca54e932145534024045b?s=96&d=mm&r=g\",\"contentUrl\":\"https:\/\/secure.gravatar.com\/avatar\/fdcecb87f300ccb988450328a61211f10a01c8bfedfca54e932145534024045b?s=96&d=mm&r=g\",\"caption\":\"admin\"},\"sameAs\":[\"https:\/\/diariolajornada.com\"],\"url\":\"https:\/\/diariolajornada.com\/?author=1\"}]}<\/script>\n<!-- \/ Yoast SEO plugin. -->","yoast_head_json":{"title":"El PSOE negociar\u00e1 con \u201cdiscreci\u00f3n\u201d para gobernar y rechaza el refer\u00e9ndum en Catalu\u00f1a - Diario La Jornada","robots":{"index":"index","follow":"follow","max-snippet":"max-snippet:-1","max-image-preview":"max-image-preview:large","max-video-preview":"max-video-preview:-1"},"canonical":"https:\/\/diariolajornada.com\/?p=23495","og_locale":"es_ES","og_type":"article","og_title":"El PSOE negociar\u00e1 con \u201cdiscreci\u00f3n\u201d para gobernar y rechaza el refer\u00e9ndum en Catalu\u00f1a - Diario La Jornada","og_description":"@diariojornada Diario La Jornada. \u2013 La vicesecretaria general del PSOE, Mar\u00eda Jes\u00fas Montero, ha dicho este martes que su partido negociar\u00e1 con \u201cdiscreci\u00f3n\u201d una investidura de Pedro S\u00e1nchez como presidente tras el 23J con aquellas formaciones a favor de la \u201cmayor\u00eda social\u201d de Espa\u00f1a, y ha rechazado el refer\u00e9ndum para Catalu\u00f1a y la amnist\u00eda que [&hellip;]","og_url":"https:\/\/diariolajornada.com\/?p=23495","og_site_name":"Diario La Jornada","article_publisher":"https:\/\/es-la.facebook.com\/lajornadadeguarico\/","article_published_time":"2023-07-25T18:32:14+00:00","article_modified_time":"2023-07-25T18:32:31+00:00","og_image":[{"width":1920,"height":1280,"url":"https:\/\/diariolajornada.com\/wp-content\/uploads\/2023\/07\/img_5637.jpg","type":"image\/jpeg"}],"author":"admin","twitter_card":"summary_large_image","twitter_misc":{"Escrito por":"admin","Tiempo de lectura":"2 minutos"},"schema":{"@context":"https:\/\/schema.org","@graph":[{"@type":"Article","@id":"https:\/\/diariolajornada.com\/?p=23495#article","isPartOf":{"@id":"https:\/\/diariolajornada.com\/?p=23495"},"author":{"name":"admin","@id":"https:\/\/diariolajornada.com\/#\/schema\/person\/83fc9ad02376abb532ce4553a399186b"},"headline":"El PSOE negociar\u00e1 con \u201cdiscreci\u00f3n\u201d para gobernar y rechaza el refer\u00e9ndum en Catalu\u00f1a","datePublished":"2023-07-25T18:32:14+00:00","dateModified":"2023-07-25T18:32:31+00:00","mainEntityOfPage":{"@id":"https:\/\/diariolajornada.com\/?p=23495"},"wordCount":506,"commentCount":0,"publisher":{"@id":"https:\/\/diariolajornada.com\/#organization"},"image":{"@id":"https:\/\/diariolajornada.com\/?p=23495#primaryimage"},"thumbnailUrl":"https:\/\/diariolajornada.com\/wp-content\/uploads\/2023\/07\/img_5637.jpg","articleSection":["Internacionales"],"inLanguage":"es","potentialAction":[{"@type":"CommentAction","name":"Comment","target":["https:\/\/diariolajornada.com\/?p=23495#respond"]}]},{"@type":"WebPage","@id":"https:\/\/diariolajornada.com\/?p=23495","url":"https:\/\/diariolajornada.com\/?p=23495","name":"El PSOE negociar\u00e1 con \u201cdiscreci\u00f3n\u201d para gobernar y rechaza el refer\u00e9ndum en Catalu\u00f1a - Diario La Jornada","isPartOf":{"@id":"https:\/\/diariolajornada.com\/#website"},"primaryImageOfPage":{"@id":"https:\/\/diariolajornada.com\/?p=23495#primaryimage"},"image":{"@id":"https:\/\/diariolajornada.com\/?p=23495#primaryimage"},"thumbnailUrl":"https:\/\/diariolajornada.com\/wp-content\/uploads\/2023\/07\/img_5637.jpg","datePublished":"2023-07-25T18:32:14+00:00","dateModified":"2023-07-25T18:32:31+00:00","breadcrumb":{"@id":"https:\/\/diariolajornada.com\/?p=23495#breadcrumb"},"inLanguage":"es","potentialAction":[{"@type":"ReadAction","target":["https:\/\/diariolajornada.com\/?p=23495"]}]},{"@type":"ImageObject","inLanguage":"es","@id":"https:\/\/diariolajornada.com\/?p=23495#primaryimage","url":"https:\/\/diariolajornada.com\/wp-content\/uploads\/2023\/07\/img_5637.jpg","contentUrl":"https:\/\/diariolajornada.com\/wp-content\/uploads\/2023\/07\/img_5637.jpg","width":1920,"height":1280},{"@type":"BreadcrumbList","@id":"https:\/\/diariolajornada.com\/?p=23495#breadcrumb","itemListElement":[{"@type":"ListItem","position":1,"name":"Portada","item":"https:\/\/diariolajornada.com\/"},{"@type":"ListItem","position":2,"name":"El PSOE negociar\u00e1 con \u201cdiscreci\u00f3n\u201d para gobernar y rechaza el refer\u00e9ndum en Catalu\u00f1a"}]},{"@type":"WebSite","@id":"https:\/\/diariolajornada.com\/#website","url":"https:\/\/diariolajornada.com\/","name":"Diario La Jornada","description":"Noticias Nacionales Regionales e Internacionales","publisher":{"@id":"https:\/\/diariolajornada.com\/#organization"},"potentialAction":[{"@type":"SearchAction","target":{"@type":"EntryPoint","urlTemplate":"https:\/\/diariolajornada.com\/?s={search_term_string}"},"query-input":{"@type":"PropertyValueSpecification","valueRequired":true,"valueName":"search_term_string"}}],"inLanguage":"es"},{"@type":"Organization","@id":"https:\/\/diariolajornada.com\/#organization","name":"Diario La Jornada","url":"https:\/\/diariolajornada.com\/","logo":{"@type":"ImageObject","inLanguage":"es","@id":"https:\/\/diariolajornada.com\/#\/schema\/logo\/image\/","url":"https:\/\/diariolajornada.com\/wp-content\/uploads\/2021\/06\/LOGO-JORNADA-SVG-01-02.svg","contentUrl":"https:\/\/diariolajornada.com\/wp-content\/uploads\/2021\/06\/LOGO-JORNADA-SVG-01-02.svg","width":350,"height":100,"caption":"Diario La Jornada"},"image":{"@id":"https:\/\/diariolajornada.com\/#\/schema\/logo\/image\/"},"sameAs":["https:\/\/es-la.facebook.com\/lajornadadeguarico\/","https:\/\/www.instagram.com\/diariojornada\/?hl=es"]},{"@type":"Person","@id":"https:\/\/diariolajornada.com\/#\/schema\/person\/83fc9ad02376abb532ce4553a399186b","name":"admin","image":{"@type":"ImageObject","inLanguage":"es","@id":"https:\/\/diariolajornada.com\/#\/schema\/person\/image\/","url":"https:\/\/secure.gravatar.com\/avatar\/fdcecb87f300ccb988450328a61211f10a01c8bfedfca54e932145534024045b?s=96&d=mm&r=g","contentUrl":"https:\/\/secure.gravatar.com\/avatar\/fdcecb87f300ccb988450328a61211f10a01c8bfedfca54e932145534024045b?s=96&d=mm&r=g","caption":"admin"},"sameAs":["https:\/\/diariolajornada.com"],"url":"https:\/\/diariolajornada.com\/?author=1"}]}},"_links":{"self":[{"href":"https:\/\/diariolajornada.com\/index.php?rest_route=\/wp\/v2\/posts\/23495","targetHints":{"allow":["GET"]}}],"collection":[{"href":"https:\/\/diariolajornada.com\/index.php?rest_route=\/wp\/v2\/posts"}],"about":[{"href":"https:\/\/diariolajornada.com\/index.php?rest_route=\/wp\/v2\/types\/post"}],"author":[{"embeddable":true,"href":"https:\/\/diariolajornada.com\/index.php?rest_route=\/wp\/v2\/users\/1"}],"replies":[{"embeddable":true,"href":"https:\/\/diariolajornada.com\/index.php?rest_route=%2Fwp%2Fv2%2Fcomments&post=23495"}],"version-history":[{"count":1,"href":"https:\/\/diariolajornada.com\/index.php?rest_route=\/wp\/v2\/posts\/23495\/revisions"}],"predecessor-version":[{"id":23496,"href":"https:\/\/diariolajornada.com\/index.php?rest_route=\/wp\/v2\/posts\/23495\/revisions\/23496"}],"wp:featuredmedia":[{"embeddable":true,"href":"https:\/\/diariolajornada.com\/index.php?rest_route=\/wp\/v2\/media\/23494"}],"wp:attachment":[{"href":"https:\/\/diariolajornada.com\/index.php?rest_route=%2Fwp%2Fv2%2Fmedia&parent=23495"}],"wp:term":[{"taxonomy":"category","embeddable":true,"href":"https:\/\/diariolajornada.com\/index.php?rest_route=%2Fwp%2Fv2%2Fcategories&post=23495"},{"taxonomy":"post_tag","embeddable":true,"href":"https:\/\/diariolajornada.com\/index.php?rest_route=%2Fwp%2Fv2%2Ftags&post=23495"}],"curies":[{"name":"wp","href":"https:\/\/api.w.org\/{rel}","templated":true}]}}