{"id":23498,"date":"2023-07-25T14:39:02","date_gmt":"2023-07-25T18:39:02","guid":{"rendered":"https:\/\/diariolajornada.com\/?p=23498"},"modified":"2023-07-25T14:39:16","modified_gmt":"2023-07-25T18:39:16","slug":"organizaciones-sociales-acuerdan-movilizaciones-en-peru","status":"publish","type":"post","link":"https:\/\/diariolajornada.com\/?p=23498","title":{"rendered":"Organizaciones sociales acuerdan movilizaciones en Per\u00fa"},"content":{"rendered":"\n<p><strong>@diariojornada<\/strong><\/p>\n\n\n\n<p><strong>Diario La Jornada. \u2013 <\/strong>En Per\u00fa, organizaciones sociales rechazan la represi\u00f3n policial en ocasi\u00f3n de la III Toma de Lima y acordaron nuevas movilizaciones en todo el pa\u00eds en reclamo de la salida del poder de la presidenta designada Dina Boluarte, el cierre del Congreso y la convocatoria de nuevas elecciones.<\/p>\n\n\n\n<p>En conferencia de prensa rechazando la represi\u00f3n violenta y racista que se produjo el s\u00e1bado pasado, en la plaza San Mart\u00edn.&nbsp;Debido a los actos violentos de la polic\u00eda hubo varios heridos y detenidos, entre ellos algunos legalistas que prestaron auxilio a las personas afectadas.&nbsp;<br \/><br \/>Se est\u00e1 anunciando que a partir de este lunes 24 de julio se van a desarrollar diversas actividades de protesta en Lima y en todas las regiones del pa\u00eds con plantones, movilizaciones, vigilias y actividades culturales.<\/p>\n\n\n\n<p>Hay dos d\u00edas centrales en los que se van a desarrollar jornadas de lucha.&nbsp;El mi\u00e9rcoles 26 de julio fecha en que el Congreso de la Rep\u00fablica elegir\u00e1 a la mesa directiva que estar\u00e1 en funciones durante un a\u00f1o y se expresar\u00e1 el rechazo a este poder del Estado que seg\u00fan encuestas tiene menos del 7 por ciento de aprobaci\u00f3n.&nbsp;<br \/><br \/>La segunda fecha ser\u00e1 el viernes 28 de julio, d\u00eda en que Per\u00fa cumple 202 a\u00f1os de declararse independiente.&nbsp;Habr\u00e1 un paro nacional que en Lima iniciar\u00e1 en la plaza 2 de Mayo y tratar\u00e1 de llegar lo m\u00e1s cerca del Congreso de la Rep\u00fablica.&nbsp;<br \/><br \/>La marcha se dirigir\u00e1 hacia el Congreso debido al mensaje que transmitir\u00e1 la presidenta designada Dina Boluarte desde este lugar.&nbsp;<br \/><br \/>La poblaci\u00f3n ha rechazado las \u00faltimas declaraciones de Boluarte acusando de violentas y terroristas estas manifestaciones.<\/p>\n\n\n\n<p><strong>Con informaci\u00f3n Telesur<\/strong><\/p>\n","protected":false},"excerpt":{"rendered":"<p>@diariojornada Diario La Jornada. \u2013 En Per\u00fa, organizaciones sociales rechazan la represi\u00f3n policial en ocasi\u00f3n de la III Toma de Lima y acordaron nuevas movilizaciones en todo el pa\u00eds en reclamo de la salida del poder de la presidenta designada Dina Boluarte, el cierre del Congreso y la convocatoria de nuevas elecciones. En conferencia de [&hellip;]<\/p>\n","protected":false},"author":1,"featured_media":23497,"comment_status":"open","ping_status":"open","sticky":false,"template":"","format":"standard","meta":{"footnotes":""},"categories":[10],"tags":[],"class_list":["post-23498","post","type-post","status-publish","format-standard","has-post-thumbnail","hentry","category-internacionales"],"yoast_head":"<!-- This site is optimized with the Yoast SEO plugin v24.4 - https:\/\/yoast.com\/wordpress\/plugins\/seo\/ -->\n<title>Organizaciones sociales acuerdan movilizaciones en Per\u00fa - Diario La Jornada<\/title>\n<meta name=\"robots\" content=\"index, follow, max-snippet:-1, max-image-preview:large, max-video-preview:-1\" \/>\n<link rel=\"canonical\" href=\"https:\/\/diariolajornada.com\/?p=23498\" \/>\n<meta property=\"og:locale\" content=\"es_ES\" \/>\n<meta property=\"og:type\" content=\"article\" \/>\n<meta property=\"og:title\" content=\"Organizaciones sociales acuerdan movilizaciones en Per\u00fa - Diario La Jornada\" \/>\n<meta property=\"og:description\" content=\"@diariojornada Diario La Jornada. \u2013 En Per\u00fa, organizaciones sociales rechazan la represi\u00f3n policial en ocasi\u00f3n de la III Toma de Lima y acordaron nuevas movilizaciones en todo el pa\u00eds en reclamo de la salida del poder de la presidenta designada Dina Boluarte, el cierre del Congreso y la convocatoria de nuevas elecciones. En conferencia de [&hellip;]\" \/>\n<meta property=\"og:url\" content=\"https:\/\/diariolajornada.com\/?p=23498\" \/>\n<meta property=\"og:site_name\" content=\"Diario La Jornada\" \/>\n<meta property=\"article:publisher\" content=\"https:\/\/es-la.facebook.com\/lajornadadeguarico\/\" \/>\n<meta property=\"article:published_time\" content=\"2023-07-25T18:39:02+00:00\" \/>\n<meta property=\"article:modified_time\" content=\"2023-07-25T18:39:16+00:00\" \/>\n<meta property=\"og:image\" content=\"https:\/\/diariolajornada.com\/wp-content\/uploads\/2023\/07\/img_5638.jpg\" \/>\n\t<meta property=\"og:image:width\" content=\"750\" \/>\n\t<meta property=\"og:image:height\" content=\"430\" \/>\n\t<meta property=\"og:image:type\" content=\"image\/jpeg\" \/>\n<meta name=\"author\" content=\"admin\" \/>\n<meta name=\"twitter:card\" content=\"summary_large_image\" \/>\n<meta name=\"twitter:label1\" content=\"Escrito por\" \/>\n\t<meta name=\"twitter:data1\" content=\"admin\" \/>\n\t<meta name=\"twitter:label2\" content=\"Tiempo de lectura\" \/>\n\t<meta name=\"twitter:data2\" content=\"1 minuto\" \/>\n<script type=\"application\/ld+json\" class=\"yoast-schema-graph\">{\"@context\":\"https:\/\/schema.org\",\"@graph\":[{\"@type\":\"Article\",\"@id\":\"https:\/\/diariolajornada.com\/?p=23498#article\",\"isPartOf\":{\"@id\":\"https:\/\/diariolajornada.com\/?p=23498\"},\"author\":{\"name\":\"admin\",\"@id\":\"https:\/\/diariolajornada.com\/#\/schema\/person\/83fc9ad02376abb532ce4553a399186b\"},\"headline\":\"Organizaciones sociales acuerdan movilizaciones en Per\u00fa\",\"datePublished\":\"2023-07-25T18:39:02+00:00\",\"dateModified\":\"2023-07-25T18:39:16+00:00\",\"mainEntityOfPage\":{\"@id\":\"https:\/\/diariolajornada.com\/?p=23498\"},\"wordCount\":303,\"commentCount\":0,\"publisher\":{\"@id\":\"https:\/\/diariolajornada.com\/#organization\"},\"image\":{\"@id\":\"https:\/\/diariolajornada.com\/?p=23498#primaryimage\"},\"thumbnailUrl\":\"https:\/\/diariolajornada.com\/wp-content\/uploads\/2023\/07\/img_5638.jpg\",\"articleSection\":[\"Internacionales\"],\"inLanguage\":\"es\",\"potentialAction\":[{\"@type\":\"CommentAction\",\"name\":\"Comment\",\"target\":[\"https:\/\/diariolajornada.com\/?p=23498#respond\"]}]},{\"@type\":\"WebPage\",\"@id\":\"https:\/\/diariolajornada.com\/?p=23498\",\"url\":\"https:\/\/diariolajornada.com\/?p=23498\",\"name\":\"Organizaciones sociales acuerdan movilizaciones en Per\u00fa - Diario La Jornada\",\"isPartOf\":{\"@id\":\"https:\/\/diariolajornada.com\/#website\"},\"primaryImageOfPage\":{\"@id\":\"https:\/\/diariolajornada.com\/?p=23498#primaryimage\"},\"image\":{\"@id\":\"https:\/\/diariolajornada.com\/?p=23498#primaryimage\"},\"thumbnailUrl\":\"https:\/\/diariolajornada.com\/wp-content\/uploads\/2023\/07\/img_5638.jpg\",\"datePublished\":\"2023-07-25T18:39:02+00:00\",\"dateModified\":\"2023-07-25T18:39:16+00:00\",\"breadcrumb\":{\"@id\":\"https:\/\/diariolajornada.com\/?p=23498#breadcrumb\"},\"inLanguage\":\"es\",\"potentialAction\":[{\"@type\":\"ReadAction\",\"target\":[\"https:\/\/diariolajornada.com\/?p=23498\"]}]},{\"@type\":\"ImageObject\",\"inLanguage\":\"es\",\"@id\":\"https:\/\/diariolajornada.com\/?p=23498#primaryimage\",\"url\":\"https:\/\/diariolajornada.com\/wp-content\/uploads\/2023\/07\/img_5638.jpg\",\"contentUrl\":\"https:\/\/diariolajornada.com\/wp-content\/uploads\/2023\/07\/img_5638.jpg\",\"width\":750,\"height\":430},{\"@type\":\"BreadcrumbList\",\"@id\":\"https:\/\/diariolajornada.com\/?p=23498#breadcrumb\",\"itemListElement\":[{\"@type\":\"ListItem\",\"position\":1,\"name\":\"Portada\",\"item\":\"https:\/\/diariolajornada.com\/\"},{\"@type\":\"ListItem\",\"position\":2,\"name\":\"Organizaciones sociales acuerdan movilizaciones en Per\u00fa\"}]},{\"@type\":\"WebSite\",\"@id\":\"https:\/\/diariolajornada.com\/#website\",\"url\":\"https:\/\/diariolajornada.com\/\",\"name\":\"Diario La Jornada\",\"description\":\"Noticias Nacionales Regionales e Internacionales\",\"publisher\":{\"@id\":\"https:\/\/diariolajornada.com\/#organization\"},\"potentialAction\":[{\"@type\":\"SearchAction\",\"target\":{\"@type\":\"EntryPoint\",\"urlTemplate\":\"https:\/\/diariolajornada.com\/?s={search_term_string}\"},\"query-input\":{\"@type\":\"PropertyValueSpecification\",\"valueRequired\":true,\"valueName\":\"search_term_string\"}}],\"inLanguage\":\"es\"},{\"@type\":\"Organization\",\"@id\":\"https:\/\/diariolajornada.com\/#organization\",\"name\":\"Diario La Jornada\",\"url\":\"https:\/\/diariolajornada.com\/\",\"logo\":{\"@type\":\"ImageObject\",\"inLanguage\":\"es\",\"@id\":\"https:\/\/diariolajornada.com\/#\/schema\/logo\/image\/\",\"url\":\"https:\/\/diariolajornada.com\/wp-content\/uploads\/2021\/06\/LOGO-JORNADA-SVG-01-02.svg\",\"contentUrl\":\"https:\/\/diariolajornada.com\/wp-content\/uploads\/2021\/06\/LOGO-JORNADA-SVG-01-02.svg\",\"width\":350,\"height\":100,\"caption\":\"Diario La Jornada\"},\"image\":{\"@id\":\"https:\/\/diariolajornada.com\/#\/schema\/logo\/image\/\"},\"sameAs\":[\"https:\/\/es-la.facebook.com\/lajornadadeguarico\/\",\"https:\/\/www.instagram.com\/diariojornada\/?hl=es\"]},{\"@type\":\"Person\",\"@id\":\"https:\/\/diariolajornada.com\/#\/schema\/person\/83fc9ad02376abb532ce4553a399186b\",\"name\":\"admin\",\"image\":{\"@type\":\"ImageObject\",\"inLanguage\":\"es\",\"@id\":\"https:\/\/diariolajornada.com\/#\/schema\/person\/image\/\",\"url\":\"https:\/\/secure.gravatar.com\/avatar\/fdcecb87f300ccb988450328a61211f10a01c8bfedfca54e932145534024045b?s=96&d=mm&r=g\",\"contentUrl\":\"https:\/\/secure.gravatar.com\/avatar\/fdcecb87f300ccb988450328a61211f10a01c8bfedfca54e932145534024045b?s=96&d=mm&r=g\",\"caption\":\"admin\"},\"sameAs\":[\"https:\/\/diariolajornada.com\"],\"url\":\"https:\/\/diariolajornada.com\/?author=1\"}]}<\/script>\n<!-- \/ Yoast SEO plugin. -->","yoast_head_json":{"title":"Organizaciones sociales acuerdan movilizaciones en Per\u00fa - Diario La Jornada","robots":{"index":"index","follow":"follow","max-snippet":"max-snippet:-1","max-image-preview":"max-image-preview:large","max-video-preview":"max-video-preview:-1"},"canonical":"https:\/\/diariolajornada.com\/?p=23498","og_locale":"es_ES","og_type":"article","og_title":"Organizaciones sociales acuerdan movilizaciones en Per\u00fa - Diario La Jornada","og_description":"@diariojornada Diario La Jornada. \u2013 En Per\u00fa, organizaciones sociales rechazan la represi\u00f3n policial en ocasi\u00f3n de la III Toma de Lima y acordaron nuevas movilizaciones en todo el pa\u00eds en reclamo de la salida del poder de la presidenta designada Dina Boluarte, el cierre del Congreso y la convocatoria de nuevas elecciones. En conferencia de [&hellip;]","og_url":"https:\/\/diariolajornada.com\/?p=23498","og_site_name":"Diario La Jornada","article_publisher":"https:\/\/es-la.facebook.com\/lajornadadeguarico\/","article_published_time":"2023-07-25T18:39:02+00:00","article_modified_time":"2023-07-25T18:39:16+00:00","og_image":[{"width":750,"height":430,"url":"https:\/\/diariolajornada.com\/wp-content\/uploads\/2023\/07\/img_5638.jpg","type":"image\/jpeg"}],"author":"admin","twitter_card":"summary_large_image","twitter_misc":{"Escrito por":"admin","Tiempo de lectura":"1 minuto"},"schema":{"@context":"https:\/\/schema.org","@graph":[{"@type":"Article","@id":"https:\/\/diariolajornada.com\/?p=23498#article","isPartOf":{"@id":"https:\/\/diariolajornada.com\/?p=23498"},"author":{"name":"admin","@id":"https:\/\/diariolajornada.com\/#\/schema\/person\/83fc9ad02376abb532ce4553a399186b"},"headline":"Organizaciones sociales acuerdan movilizaciones en Per\u00fa","datePublished":"2023-07-25T18:39:02+00:00","dateModified":"2023-07-25T18:39:16+00:00","mainEntityOfPage":{"@id":"https:\/\/diariolajornada.com\/?p=23498"},"wordCount":303,"commentCount":0,"publisher":{"@id":"https:\/\/diariolajornada.com\/#organization"},"image":{"@id":"https:\/\/diariolajornada.com\/?p=23498#primaryimage"},"thumbnailUrl":"https:\/\/diariolajornada.com\/wp-content\/uploads\/2023\/07\/img_5638.jpg","articleSection":["Internacionales"],"inLanguage":"es","potentialAction":[{"@type":"CommentAction","name":"Comment","target":["https:\/\/diariolajornada.com\/?p=23498#respond"]}]},{"@type":"WebPage","@id":"https:\/\/diariolajornada.com\/?p=23498","url":"https:\/\/diariolajornada.com\/?p=23498","name":"Organizaciones sociales acuerdan movilizaciones en Per\u00fa - Diario La Jornada","isPartOf":{"@id":"https:\/\/diariolajornada.com\/#website"},"primaryImageOfPage":{"@id":"https:\/\/diariolajornada.com\/?p=23498#primaryimage"},"image":{"@id":"https:\/\/diariolajornada.com\/?p=23498#primaryimage"},"thumbnailUrl":"https:\/\/diariolajornada.com\/wp-content\/uploads\/2023\/07\/img_5638.jpg","datePublished":"2023-07-25T18:39:02+00:00","dateModified":"2023-07-25T18:39:16+00:00","breadcrumb":{"@id":"https:\/\/diariolajornada.com\/?p=23498#breadcrumb"},"inLanguage":"es","potentialAction":[{"@type":"ReadAction","target":["https:\/\/diariolajornada.com\/?p=23498"]}]},{"@type":"ImageObject","inLanguage":"es","@id":"https:\/\/diariolajornada.com\/?p=23498#primaryimage","url":"https:\/\/diariolajornada.com\/wp-content\/uploads\/2023\/07\/img_5638.jpg","contentUrl":"https:\/\/diariolajornada.com\/wp-content\/uploads\/2023\/07\/img_5638.jpg","width":750,"height":430},{"@type":"BreadcrumbList","@id":"https:\/\/diariolajornada.com\/?p=23498#breadcrumb","itemListElement":[{"@type":"ListItem","position":1,"name":"Portada","item":"https:\/\/diariolajornada.com\/"},{"@type":"ListItem","position":2,"name":"Organizaciones sociales acuerdan movilizaciones en Per\u00fa"}]},{"@type":"WebSite","@id":"https:\/\/diariolajornada.com\/#website","url":"https:\/\/diariolajornada.com\/","name":"Diario La Jornada","description":"Noticias Nacionales Regionales e Internacionales","publisher":{"@id":"https:\/\/diariolajornada.com\/#organization"},"potentialAction":[{"@type":"SearchAction","target":{"@type":"EntryPoint","urlTemplate":"https:\/\/diariolajornada.com\/?s={search_term_string}"},"query-input":{"@type":"PropertyValueSpecification","valueRequired":true,"valueName":"search_term_string"}}],"inLanguage":"es"},{"@type":"Organization","@id":"https:\/\/diariolajornada.com\/#organization","name":"Diario La Jornada","url":"https:\/\/diariolajornada.com\/","logo":{"@type":"ImageObject","inLanguage":"es","@id":"https:\/\/diariolajornada.com\/#\/schema\/logo\/image\/","url":"https:\/\/diariolajornada.com\/wp-content\/uploads\/2021\/06\/LOGO-JORNADA-SVG-01-02.svg","contentUrl":"https:\/\/diariolajornada.com\/wp-content\/uploads\/2021\/06\/LOGO-JORNADA-SVG-01-02.svg","width":350,"height":100,"caption":"Diario La Jornada"},"image":{"@id":"https:\/\/diariolajornada.com\/#\/schema\/logo\/image\/"},"sameAs":["https:\/\/es-la.facebook.com\/lajornadadeguarico\/","https:\/\/www.instagram.com\/diariojornada\/?hl=es"]},{"@type":"Person","@id":"https:\/\/diariolajornada.com\/#\/schema\/person\/83fc9ad02376abb532ce4553a399186b","name":"admin","image":{"@type":"ImageObject","inLanguage":"es","@id":"https:\/\/diariolajornada.com\/#\/schema\/person\/image\/","url":"https:\/\/secure.gravatar.com\/avatar\/fdcecb87f300ccb988450328a61211f10a01c8bfedfca54e932145534024045b?s=96&d=mm&r=g","contentUrl":"https:\/\/secure.gravatar.com\/avatar\/fdcecb87f300ccb988450328a61211f10a01c8bfedfca54e932145534024045b?s=96&d=mm&r=g","caption":"admin"},"sameAs":["https:\/\/diariolajornada.com"],"url":"https:\/\/diariolajornada.com\/?author=1"}]}},"_links":{"self":[{"href":"https:\/\/diariolajornada.com\/index.php?rest_route=\/wp\/v2\/posts\/23498","targetHints":{"allow":["GET"]}}],"collection":[{"href":"https:\/\/diariolajornada.com\/index.php?rest_route=\/wp\/v2\/posts"}],"about":[{"href":"https:\/\/diariolajornada.com\/index.php?rest_route=\/wp\/v2\/types\/post"}],"author":[{"embeddable":true,"href":"https:\/\/diariolajornada.com\/index.php?rest_route=\/wp\/v2\/users\/1"}],"replies":[{"embeddable":true,"href":"https:\/\/diariolajornada.com\/index.php?rest_route=%2Fwp%2Fv2%2Fcomments&post=23498"}],"version-history":[{"count":1,"href":"https:\/\/diariolajornada.com\/index.php?rest_route=\/wp\/v2\/posts\/23498\/revisions"}],"predecessor-version":[{"id":23499,"href":"https:\/\/diariolajornada.com\/index.php?rest_route=\/wp\/v2\/posts\/23498\/revisions\/23499"}],"wp:featuredmedia":[{"embeddable":true,"href":"https:\/\/diariolajornada.com\/index.php?rest_route=\/wp\/v2\/media\/23497"}],"wp:attachment":[{"href":"https:\/\/diariolajornada.com\/index.php?rest_route=%2Fwp%2Fv2%2Fmedia&parent=23498"}],"wp:term":[{"taxonomy":"category","embeddable":true,"href":"https:\/\/diariolajornada.com\/index.php?rest_route=%2Fwp%2Fv2%2Fcategories&post=23498"},{"taxonomy":"post_tag","embeddable":true,"href":"https:\/\/diariolajornada.com\/index.php?rest_route=%2Fwp%2Fv2%2Ftags&post=23498"}],"curies":[{"name":"wp","href":"https:\/\/api.w.org\/{rel}","templated":true}]}}