{"id":23502,"date":"2023-07-25T14:52:50","date_gmt":"2023-07-25T18:52:50","guid":{"rendered":"https:\/\/diariolajornada.com\/?p=23502"},"modified":"2023-07-25T14:53:01","modified_gmt":"2023-07-25T18:53:01","slug":"ramon-lobo-ley-de-armonizacion-tributaria-marca-hito-historico-en-legislacion-venezolana","status":"publish","type":"post","link":"https:\/\/diariolajornada.com\/?p=23502","title":{"rendered":"Ram\u00f3n Lobo: Ley de Armonizaci\u00f3n Tributaria marca hito hist\u00f3rico en legislaci\u00f3n venezolana"},"content":{"rendered":"\n<p><strong>@diariojornada<\/strong><\/p>\n\n\n\n<p><strong>Diario La Jornada. \u2013<\/strong> El diputado de la Asamblea Nacional (AN), miembro de la Comisi\u00f3n de Econom\u00eda, Finanzas y Desarrollo, Ram\u00f3n Lobo, destac\u00f3 que la Ley Org\u00e1nica de Armonizaci\u00f3n Tributaria marca un hito hist\u00f3rico en la legislaci\u00f3n venezolana.<\/p>\n\n\n\n<p>\u201cNo se hab\u00eda legislado sobre este tema con las grandes caracter\u00edsticas que presenta esta Ley, que es coordinar y armonizar, las potestades tributarias que tienen los estados y municipios, en funci\u00f3n de garantizar el desarrollo arm\u00f3nico de la econom\u00eda\u201d, dijo.&nbsp;<\/p>\n\n\n\n<p>A su vez se\u00f1al\u00f3, que el art\u00edculo 136, establece que el poder p\u00fablico nacional, tiene tres niveles verticales que son: nacional, regional y municipal, y cada uno tiene un poder tributario, es decir, a trav\u00e9s de sus entes legislativos, generan tributos, que se ejemplifican en impuestos, tasas o contribuciones especiales, que anteriormente no se articulaban entre los tres niveles, lo que \u201cgener\u00f3 cierto nivel de anarqu\u00eda ante los descensos de los ingresos petroleros\u201d, a\u00f1adi\u00f3.<\/p>\n\n\n\n<p>Recalc\u00f3, que est\u00e1n a la espera de la publicaci\u00f3n de esta Ley en Gaceta Oficial, e invit\u00f3 al pueblo al conocimiento de este instrumento legal. \u201cLa Ley establece principios, par\u00e1metros y limitaciones para el ejercicio de las potestades tributarias\u201d, agreg\u00f3.<\/p>\n\n\n\n<p>El pasado 18 de julio, diputados&nbsp;de la&nbsp;Asamblea Nacional&nbsp;(AN), aprobaron en segunda discusi\u00f3n la&nbsp;Ley Org\u00e1nica de Coordinaci\u00f3n y Armonizaci\u00f3n de las Potestades Tributarias&nbsp;de los Estados y Municipios,&nbsp;con el objetivo de&nbsp;establecer orden de&nbsp;pago&nbsp;en&nbsp;los tributos.<\/p>\n\n\n\n<p><strong>Con informaci\u00f3n de VTV<\/strong><\/p>\n","protected":false},"excerpt":{"rendered":"<p>@diariojornada Diario La Jornada. \u2013 El diputado de la Asamblea Nacional (AN), miembro de la Comisi\u00f3n de Econom\u00eda, Finanzas y Desarrollo, Ram\u00f3n Lobo, destac\u00f3 que la Ley Org\u00e1nica de Armonizaci\u00f3n Tributaria marca un hito hist\u00f3rico en la legislaci\u00f3n venezolana. \u201cNo se hab\u00eda legislado sobre este tema con las grandes caracter\u00edsticas que presenta esta Ley, que [&hellip;]<\/p>\n","protected":false},"author":1,"featured_media":23501,"comment_status":"open","ping_status":"open","sticky":false,"template":"","format":"standard","meta":{"footnotes":""},"categories":[8],"tags":[],"class_list":["post-23502","post","type-post","status-publish","format-standard","has-post-thumbnail","hentry","category-nacionales"],"yoast_head":"<!-- This site is optimized with the Yoast SEO plugin v24.4 - https:\/\/yoast.com\/wordpress\/plugins\/seo\/ -->\n<title>Ram\u00f3n Lobo: Ley de Armonizaci\u00f3n Tributaria marca hito hist\u00f3rico en legislaci\u00f3n venezolana - Diario La Jornada<\/title>\n<meta name=\"robots\" content=\"index, follow, max-snippet:-1, max-image-preview:large, max-video-preview:-1\" \/>\n<link rel=\"canonical\" href=\"https:\/\/diariolajornada.com\/?p=23502\" \/>\n<meta property=\"og:locale\" content=\"es_ES\" \/>\n<meta property=\"og:type\" content=\"article\" \/>\n<meta property=\"og:title\" content=\"Ram\u00f3n Lobo: Ley de Armonizaci\u00f3n Tributaria marca hito hist\u00f3rico en legislaci\u00f3n venezolana - Diario La Jornada\" \/>\n<meta property=\"og:description\" content=\"@diariojornada Diario La Jornada. \u2013 El diputado de la Asamblea Nacional (AN), miembro de la Comisi\u00f3n de Econom\u00eda, Finanzas y Desarrollo, Ram\u00f3n Lobo, destac\u00f3 que la Ley Org\u00e1nica de Armonizaci\u00f3n Tributaria marca un hito hist\u00f3rico en la legislaci\u00f3n venezolana. \u201cNo se hab\u00eda legislado sobre este tema con las grandes caracter\u00edsticas que presenta esta Ley, que [&hellip;]\" \/>\n<meta property=\"og:url\" content=\"https:\/\/diariolajornada.com\/?p=23502\" \/>\n<meta property=\"og:site_name\" content=\"Diario La Jornada\" \/>\n<meta property=\"article:publisher\" content=\"https:\/\/es-la.facebook.com\/lajornadadeguarico\/\" \/>\n<meta property=\"article:published_time\" content=\"2023-07-25T18:52:50+00:00\" \/>\n<meta property=\"article:modified_time\" content=\"2023-07-25T18:53:01+00:00\" \/>\n<meta property=\"og:image\" content=\"https:\/\/diariolajornada.com\/wp-content\/uploads\/2023\/07\/img_5639.jpg\" \/>\n\t<meta property=\"og:image:width\" content=\"928\" \/>\n\t<meta property=\"og:image:height\" content=\"619\" \/>\n\t<meta property=\"og:image:type\" content=\"image\/jpeg\" \/>\n<meta name=\"author\" content=\"admin\" \/>\n<meta name=\"twitter:card\" content=\"summary_large_image\" \/>\n<meta name=\"twitter:label1\" content=\"Escrito por\" \/>\n\t<meta name=\"twitter:data1\" content=\"admin\" \/>\n\t<meta name=\"twitter:label2\" content=\"Tiempo de lectura\" \/>\n\t<meta name=\"twitter:data2\" content=\"1 minuto\" \/>\n<script type=\"application\/ld+json\" class=\"yoast-schema-graph\">{\"@context\":\"https:\/\/schema.org\",\"@graph\":[{\"@type\":\"Article\",\"@id\":\"https:\/\/diariolajornada.com\/?p=23502#article\",\"isPartOf\":{\"@id\":\"https:\/\/diariolajornada.com\/?p=23502\"},\"author\":{\"name\":\"admin\",\"@id\":\"https:\/\/diariolajornada.com\/#\/schema\/person\/83fc9ad02376abb532ce4553a399186b\"},\"headline\":\"Ram\u00f3n Lobo: Ley de Armonizaci\u00f3n Tributaria marca hito hist\u00f3rico en legislaci\u00f3n venezolana\",\"datePublished\":\"2023-07-25T18:52:50+00:00\",\"dateModified\":\"2023-07-25T18:53:01+00:00\",\"mainEntityOfPage\":{\"@id\":\"https:\/\/diariolajornada.com\/?p=23502\"},\"wordCount\":289,\"commentCount\":0,\"publisher\":{\"@id\":\"https:\/\/diariolajornada.com\/#organization\"},\"image\":{\"@id\":\"https:\/\/diariolajornada.com\/?p=23502#primaryimage\"},\"thumbnailUrl\":\"https:\/\/diariolajornada.com\/wp-content\/uploads\/2023\/07\/img_5639.jpg\",\"articleSection\":[\"Nacionales\"],\"inLanguage\":\"es\",\"potentialAction\":[{\"@type\":\"CommentAction\",\"name\":\"Comment\",\"target\":[\"https:\/\/diariolajornada.com\/?p=23502#respond\"]}]},{\"@type\":\"WebPage\",\"@id\":\"https:\/\/diariolajornada.com\/?p=23502\",\"url\":\"https:\/\/diariolajornada.com\/?p=23502\",\"name\":\"Ram\u00f3n Lobo: Ley de Armonizaci\u00f3n Tributaria marca hito hist\u00f3rico en legislaci\u00f3n venezolana - Diario La Jornada\",\"isPartOf\":{\"@id\":\"https:\/\/diariolajornada.com\/#website\"},\"primaryImageOfPage\":{\"@id\":\"https:\/\/diariolajornada.com\/?p=23502#primaryimage\"},\"image\":{\"@id\":\"https:\/\/diariolajornada.com\/?p=23502#primaryimage\"},\"thumbnailUrl\":\"https:\/\/diariolajornada.com\/wp-content\/uploads\/2023\/07\/img_5639.jpg\",\"datePublished\":\"2023-07-25T18:52:50+00:00\",\"dateModified\":\"2023-07-25T18:53:01+00:00\",\"breadcrumb\":{\"@id\":\"https:\/\/diariolajornada.com\/?p=23502#breadcrumb\"},\"inLanguage\":\"es\",\"potentialAction\":[{\"@type\":\"ReadAction\",\"target\":[\"https:\/\/diariolajornada.com\/?p=23502\"]}]},{\"@type\":\"ImageObject\",\"inLanguage\":\"es\",\"@id\":\"https:\/\/diariolajornada.com\/?p=23502#primaryimage\",\"url\":\"https:\/\/diariolajornada.com\/wp-content\/uploads\/2023\/07\/img_5639.jpg\",\"contentUrl\":\"https:\/\/diariolajornada.com\/wp-content\/uploads\/2023\/07\/img_5639.jpg\",\"width\":928,\"height\":619},{\"@type\":\"BreadcrumbList\",\"@id\":\"https:\/\/diariolajornada.com\/?p=23502#breadcrumb\",\"itemListElement\":[{\"@type\":\"ListItem\",\"position\":1,\"name\":\"Portada\",\"item\":\"https:\/\/diariolajornada.com\/\"},{\"@type\":\"ListItem\",\"position\":2,\"name\":\"Ram\u00f3n Lobo: Ley de Armonizaci\u00f3n Tributaria marca hito hist\u00f3rico en legislaci\u00f3n venezolana\"}]},{\"@type\":\"WebSite\",\"@id\":\"https:\/\/diariolajornada.com\/#website\",\"url\":\"https:\/\/diariolajornada.com\/\",\"name\":\"Diario La Jornada\",\"description\":\"Noticias Nacionales Regionales e Internacionales\",\"publisher\":{\"@id\":\"https:\/\/diariolajornada.com\/#organization\"},\"potentialAction\":[{\"@type\":\"SearchAction\",\"target\":{\"@type\":\"EntryPoint\",\"urlTemplate\":\"https:\/\/diariolajornada.com\/?s={search_term_string}\"},\"query-input\":{\"@type\":\"PropertyValueSpecification\",\"valueRequired\":true,\"valueName\":\"search_term_string\"}}],\"inLanguage\":\"es\"},{\"@type\":\"Organization\",\"@id\":\"https:\/\/diariolajornada.com\/#organization\",\"name\":\"Diario La Jornada\",\"url\":\"https:\/\/diariolajornada.com\/\",\"logo\":{\"@type\":\"ImageObject\",\"inLanguage\":\"es\",\"@id\":\"https:\/\/diariolajornada.com\/#\/schema\/logo\/image\/\",\"url\":\"https:\/\/diariolajornada.com\/wp-content\/uploads\/2021\/06\/LOGO-JORNADA-SVG-01-02.svg\",\"contentUrl\":\"https:\/\/diariolajornada.com\/wp-content\/uploads\/2021\/06\/LOGO-JORNADA-SVG-01-02.svg\",\"width\":350,\"height\":100,\"caption\":\"Diario La Jornada\"},\"image\":{\"@id\":\"https:\/\/diariolajornada.com\/#\/schema\/logo\/image\/\"},\"sameAs\":[\"https:\/\/es-la.facebook.com\/lajornadadeguarico\/\",\"https:\/\/www.instagram.com\/diariojornada\/?hl=es\"]},{\"@type\":\"Person\",\"@id\":\"https:\/\/diariolajornada.com\/#\/schema\/person\/83fc9ad02376abb532ce4553a399186b\",\"name\":\"admin\",\"image\":{\"@type\":\"ImageObject\",\"inLanguage\":\"es\",\"@id\":\"https:\/\/diariolajornada.com\/#\/schema\/person\/image\/\",\"url\":\"https:\/\/secure.gravatar.com\/avatar\/fdcecb87f300ccb988450328a61211f10a01c8bfedfca54e932145534024045b?s=96&d=mm&r=g\",\"contentUrl\":\"https:\/\/secure.gravatar.com\/avatar\/fdcecb87f300ccb988450328a61211f10a01c8bfedfca54e932145534024045b?s=96&d=mm&r=g\",\"caption\":\"admin\"},\"sameAs\":[\"https:\/\/diariolajornada.com\"],\"url\":\"https:\/\/diariolajornada.com\/?author=1\"}]}<\/script>\n<!-- \/ Yoast SEO plugin. -->","yoast_head_json":{"title":"Ram\u00f3n Lobo: Ley de Armonizaci\u00f3n Tributaria marca hito hist\u00f3rico en legislaci\u00f3n venezolana - Diario La Jornada","robots":{"index":"index","follow":"follow","max-snippet":"max-snippet:-1","max-image-preview":"max-image-preview:large","max-video-preview":"max-video-preview:-1"},"canonical":"https:\/\/diariolajornada.com\/?p=23502","og_locale":"es_ES","og_type":"article","og_title":"Ram\u00f3n Lobo: Ley de Armonizaci\u00f3n Tributaria marca hito hist\u00f3rico en legislaci\u00f3n venezolana - Diario La Jornada","og_description":"@diariojornada Diario La Jornada. \u2013 El diputado de la Asamblea Nacional (AN), miembro de la Comisi\u00f3n de Econom\u00eda, Finanzas y Desarrollo, Ram\u00f3n Lobo, destac\u00f3 que la Ley Org\u00e1nica de Armonizaci\u00f3n Tributaria marca un hito hist\u00f3rico en la legislaci\u00f3n venezolana. \u201cNo se hab\u00eda legislado sobre este tema con las grandes caracter\u00edsticas que presenta esta Ley, que [&hellip;]","og_url":"https:\/\/diariolajornada.com\/?p=23502","og_site_name":"Diario La Jornada","article_publisher":"https:\/\/es-la.facebook.com\/lajornadadeguarico\/","article_published_time":"2023-07-25T18:52:50+00:00","article_modified_time":"2023-07-25T18:53:01+00:00","og_image":[{"width":928,"height":619,"url":"https:\/\/diariolajornada.com\/wp-content\/uploads\/2023\/07\/img_5639.jpg","type":"image\/jpeg"}],"author":"admin","twitter_card":"summary_large_image","twitter_misc":{"Escrito por":"admin","Tiempo de lectura":"1 minuto"},"schema":{"@context":"https:\/\/schema.org","@graph":[{"@type":"Article","@id":"https:\/\/diariolajornada.com\/?p=23502#article","isPartOf":{"@id":"https:\/\/diariolajornada.com\/?p=23502"},"author":{"name":"admin","@id":"https:\/\/diariolajornada.com\/#\/schema\/person\/83fc9ad02376abb532ce4553a399186b"},"headline":"Ram\u00f3n Lobo: Ley de Armonizaci\u00f3n Tributaria marca hito hist\u00f3rico en legislaci\u00f3n venezolana","datePublished":"2023-07-25T18:52:50+00:00","dateModified":"2023-07-25T18:53:01+00:00","mainEntityOfPage":{"@id":"https:\/\/diariolajornada.com\/?p=23502"},"wordCount":289,"commentCount":0,"publisher":{"@id":"https:\/\/diariolajornada.com\/#organization"},"image":{"@id":"https:\/\/diariolajornada.com\/?p=23502#primaryimage"},"thumbnailUrl":"https:\/\/diariolajornada.com\/wp-content\/uploads\/2023\/07\/img_5639.jpg","articleSection":["Nacionales"],"inLanguage":"es","potentialAction":[{"@type":"CommentAction","name":"Comment","target":["https:\/\/diariolajornada.com\/?p=23502#respond"]}]},{"@type":"WebPage","@id":"https:\/\/diariolajornada.com\/?p=23502","url":"https:\/\/diariolajornada.com\/?p=23502","name":"Ram\u00f3n Lobo: Ley de Armonizaci\u00f3n Tributaria marca hito hist\u00f3rico en legislaci\u00f3n venezolana - Diario La Jornada","isPartOf":{"@id":"https:\/\/diariolajornada.com\/#website"},"primaryImageOfPage":{"@id":"https:\/\/diariolajornada.com\/?p=23502#primaryimage"},"image":{"@id":"https:\/\/diariolajornada.com\/?p=23502#primaryimage"},"thumbnailUrl":"https:\/\/diariolajornada.com\/wp-content\/uploads\/2023\/07\/img_5639.jpg","datePublished":"2023-07-25T18:52:50+00:00","dateModified":"2023-07-25T18:53:01+00:00","breadcrumb":{"@id":"https:\/\/diariolajornada.com\/?p=23502#breadcrumb"},"inLanguage":"es","potentialAction":[{"@type":"ReadAction","target":["https:\/\/diariolajornada.com\/?p=23502"]}]},{"@type":"ImageObject","inLanguage":"es","@id":"https:\/\/diariolajornada.com\/?p=23502#primaryimage","url":"https:\/\/diariolajornada.com\/wp-content\/uploads\/2023\/07\/img_5639.jpg","contentUrl":"https:\/\/diariolajornada.com\/wp-content\/uploads\/2023\/07\/img_5639.jpg","width":928,"height":619},{"@type":"BreadcrumbList","@id":"https:\/\/diariolajornada.com\/?p=23502#breadcrumb","itemListElement":[{"@type":"ListItem","position":1,"name":"Portada","item":"https:\/\/diariolajornada.com\/"},{"@type":"ListItem","position":2,"name":"Ram\u00f3n Lobo: Ley de Armonizaci\u00f3n Tributaria marca hito hist\u00f3rico en legislaci\u00f3n venezolana"}]},{"@type":"WebSite","@id":"https:\/\/diariolajornada.com\/#website","url":"https:\/\/diariolajornada.com\/","name":"Diario La Jornada","description":"Noticias Nacionales Regionales e Internacionales","publisher":{"@id":"https:\/\/diariolajornada.com\/#organization"},"potentialAction":[{"@type":"SearchAction","target":{"@type":"EntryPoint","urlTemplate":"https:\/\/diariolajornada.com\/?s={search_term_string}"},"query-input":{"@type":"PropertyValueSpecification","valueRequired":true,"valueName":"search_term_string"}}],"inLanguage":"es"},{"@type":"Organization","@id":"https:\/\/diariolajornada.com\/#organization","name":"Diario La Jornada","url":"https:\/\/diariolajornada.com\/","logo":{"@type":"ImageObject","inLanguage":"es","@id":"https:\/\/diariolajornada.com\/#\/schema\/logo\/image\/","url":"https:\/\/diariolajornada.com\/wp-content\/uploads\/2021\/06\/LOGO-JORNADA-SVG-01-02.svg","contentUrl":"https:\/\/diariolajornada.com\/wp-content\/uploads\/2021\/06\/LOGO-JORNADA-SVG-01-02.svg","width":350,"height":100,"caption":"Diario La Jornada"},"image":{"@id":"https:\/\/diariolajornada.com\/#\/schema\/logo\/image\/"},"sameAs":["https:\/\/es-la.facebook.com\/lajornadadeguarico\/","https:\/\/www.instagram.com\/diariojornada\/?hl=es"]},{"@type":"Person","@id":"https:\/\/diariolajornada.com\/#\/schema\/person\/83fc9ad02376abb532ce4553a399186b","name":"admin","image":{"@type":"ImageObject","inLanguage":"es","@id":"https:\/\/diariolajornada.com\/#\/schema\/person\/image\/","url":"https:\/\/secure.gravatar.com\/avatar\/fdcecb87f300ccb988450328a61211f10a01c8bfedfca54e932145534024045b?s=96&d=mm&r=g","contentUrl":"https:\/\/secure.gravatar.com\/avatar\/fdcecb87f300ccb988450328a61211f10a01c8bfedfca54e932145534024045b?s=96&d=mm&r=g","caption":"admin"},"sameAs":["https:\/\/diariolajornada.com"],"url":"https:\/\/diariolajornada.com\/?author=1"}]}},"_links":{"self":[{"href":"https:\/\/diariolajornada.com\/index.php?rest_route=\/wp\/v2\/posts\/23502","targetHints":{"allow":["GET"]}}],"collection":[{"href":"https:\/\/diariolajornada.com\/index.php?rest_route=\/wp\/v2\/posts"}],"about":[{"href":"https:\/\/diariolajornada.com\/index.php?rest_route=\/wp\/v2\/types\/post"}],"author":[{"embeddable":true,"href":"https:\/\/diariolajornada.com\/index.php?rest_route=\/wp\/v2\/users\/1"}],"replies":[{"embeddable":true,"href":"https:\/\/diariolajornada.com\/index.php?rest_route=%2Fwp%2Fv2%2Fcomments&post=23502"}],"version-history":[{"count":1,"href":"https:\/\/diariolajornada.com\/index.php?rest_route=\/wp\/v2\/posts\/23502\/revisions"}],"predecessor-version":[{"id":23503,"href":"https:\/\/diariolajornada.com\/index.php?rest_route=\/wp\/v2\/posts\/23502\/revisions\/23503"}],"wp:featuredmedia":[{"embeddable":true,"href":"https:\/\/diariolajornada.com\/index.php?rest_route=\/wp\/v2\/media\/23501"}],"wp:attachment":[{"href":"https:\/\/diariolajornada.com\/index.php?rest_route=%2Fwp%2Fv2%2Fmedia&parent=23502"}],"wp:term":[{"taxonomy":"category","embeddable":true,"href":"https:\/\/diariolajornada.com\/index.php?rest_route=%2Fwp%2Fv2%2Fcategories&post=23502"},{"taxonomy":"post_tag","embeddable":true,"href":"https:\/\/diariolajornada.com\/index.php?rest_route=%2Fwp%2Fv2%2Ftags&post=23502"}],"curies":[{"name":"wp","href":"https:\/\/api.w.org\/{rel}","templated":true}]}}