{"id":23505,"date":"2023-07-25T15:03:02","date_gmt":"2023-07-25T19:03:02","guid":{"rendered":"https:\/\/diariolajornada.com\/?p=23505"},"modified":"2023-07-25T15:03:47","modified_gmt":"2023-07-25T19:03:47","slug":"festival-de-cine-de-venecia-presenta-variado-programa-pese-a-huelga-en-eeuu","status":"publish","type":"post","link":"https:\/\/diariolajornada.com\/?p=23505","title":{"rendered":"Festival de cine de Venecia presenta variado programa pese a huelga en EEUU"},"content":{"rendered":"\n<p><strong>@diariojornada<\/strong><\/p>\n\n\n\n<p><strong>Diario La Jornada. \u2013 <\/strong>El festival de cine de Venecia present\u00f3 este martes su variado programa, con pel\u00edculas biogr\u00e1ficas de Priscilla Presley y Enzo Ferrari, a pesar de la posible ausencia de algunas estrellas por la huelga de actores en Hollywood, informaron los organizadores este martes.<\/p>\n\n\n\n<p>La 80\u00aa edici\u00f3n de la Mostra, que se celebrar\u00e1 del 30 de agosto al 9 de septiembre, podr\u00eda adem\u00e1s quedar envuelta en pol\u00e9mica por la presencia de pel\u00edculas de Roman Polanski y Woody Allen.<\/p>\n\n\n\n<p>Ambos directores est\u00e1n en la lista negra de Hollywood por sospechas de agresiones sexuales.&nbsp;<\/p>\n\n\n\n<p>La organizaci\u00f3n del festival coincidi\u00f3 con la huelga de actores de Hollywood, que empez\u00f3 el 14 de julio y paraliza la producci\u00f3n de cine y televisi\u00f3n estadounidense.<\/p>\n\n\n\n<p>Los actores piden mejoras en los pagos que reciben por las retransmisiones de sus producciones, as\u00ed como garant\u00edas de protecci\u00f3n ante el uso de la inteligencia artificial en la industria, entre otros puntos.&nbsp;<\/p>\n\n\n\n<p>El paro podr\u00eda implicar la ausencia de estrellas estadounidenses en la cita, aunque tuvo un impacto \u00abmuy modesto\u00bb en su programaci\u00f3n, asegur\u00f3 el martes su director art\u00edstico Alberto Barbera.<\/p>\n\n\n\n<p>\u00abLa \u00fanica pel\u00edcula que perdimos es la de apertura, la pel\u00edcula muy bonita &#8216;Challengers&#8217; de Luca Guadagnino\u00bb, precis\u00f3.<\/p>\n\n\n\n<p>El filme ser\u00e1 reemplazada por \u00abComandante\u00bb, del italiano Edoardo De Angelis, inspirada en la historia del rescate de 26 n\u00e1ufragos belgas durante la Segunda Guerra Mundial.<\/p>\n\n\n\n<p>Entre las 23 pel\u00edculas en liza para el Le\u00f3n de Oro est\u00e1 \u00abMaestro\u00bb, la cinta de Bradley Cooper sobre el legendario compositor y jefe de orquesta Leonard Bernstein.<\/p>\n\n\n\n<p>No est\u00e1 claro si Cooper, que protagoniza el papel principal, estar\u00e1 presente.<\/p>\n\n\n\n<p>Tampoco se sabe si acudir\u00e1 Emma Stone, que interpreta a una criatura similar a Frankenstein en \u00abpoor Things\u00bb, del director griego Yorgos Lanthimos.<\/p>\n\n\n\n<p>Otras pel\u00edculas de Hollywood se estrenar\u00e1n en La Mostra, como el largometraje de Sofia Coppola sobre Priscilla Presley, la mujer de Elvis, y \u00abFerrari\u00bb, de Michael Mann.<\/p>\n\n\n\n<p>Entre los directores internacionales figuran el mexicano Michel Franco, con \u00abMemory\u00bb y el chileno Pablo Larra\u00edn, con \u00abel conde\u00bb.<\/p>\n","protected":false},"excerpt":{"rendered":"<p>@diariojornada Diario La Jornada. \u2013 El festival de cine de Venecia present\u00f3 este martes su variado programa, con pel\u00edculas biogr\u00e1ficas de Priscilla Presley y Enzo Ferrari, a pesar de la posible ausencia de algunas estrellas por la huelga de actores en Hollywood, informaron los organizadores este martes. La 80\u00aa edici\u00f3n de la Mostra, que se [&hellip;]<\/p>\n","protected":false},"author":1,"featured_media":23504,"comment_status":"open","ping_status":"open","sticky":false,"template":"","format":"standard","meta":{"footnotes":""},"categories":[14],"tags":[],"class_list":["post-23505","post","type-post","status-publish","format-standard","has-post-thumbnail","hentry","category-entretenimiento"],"yoast_head":"<!-- This site is optimized with the Yoast SEO plugin v24.4 - https:\/\/yoast.com\/wordpress\/plugins\/seo\/ -->\n<title>Festival de cine de Venecia presenta variado programa pese a huelga en EEUU - Diario La Jornada<\/title>\n<meta name=\"robots\" content=\"index, follow, max-snippet:-1, max-image-preview:large, max-video-preview:-1\" \/>\n<link rel=\"canonical\" href=\"https:\/\/diariolajornada.com\/?p=23505\" \/>\n<meta property=\"og:locale\" content=\"es_ES\" \/>\n<meta property=\"og:type\" content=\"article\" \/>\n<meta property=\"og:title\" content=\"Festival de cine de Venecia presenta variado programa pese a huelga en EEUU - Diario La Jornada\" \/>\n<meta property=\"og:description\" content=\"@diariojornada Diario La Jornada. \u2013 El festival de cine de Venecia present\u00f3 este martes su variado programa, con pel\u00edculas biogr\u00e1ficas de Priscilla Presley y Enzo Ferrari, a pesar de la posible ausencia de algunas estrellas por la huelga de actores en Hollywood, informaron los organizadores este martes. La 80\u00aa edici\u00f3n de la Mostra, que se [&hellip;]\" \/>\n<meta property=\"og:url\" content=\"https:\/\/diariolajornada.com\/?p=23505\" \/>\n<meta property=\"og:site_name\" content=\"Diario La Jornada\" \/>\n<meta property=\"article:publisher\" content=\"https:\/\/es-la.facebook.com\/lajornadadeguarico\/\" \/>\n<meta property=\"article:published_time\" content=\"2023-07-25T19:03:02+00:00\" \/>\n<meta property=\"article:modified_time\" content=\"2023-07-25T19:03:47+00:00\" \/>\n<meta property=\"og:image\" content=\"https:\/\/diariolajornada.com\/wp-content\/uploads\/2023\/07\/img_5640.jpg\" \/>\n\t<meta property=\"og:image:width\" content=\"1024\" \/>\n\t<meta property=\"og:image:height\" content=\"682\" \/>\n\t<meta property=\"og:image:type\" content=\"image\/jpeg\" \/>\n<meta name=\"author\" content=\"admin\" \/>\n<meta name=\"twitter:card\" content=\"summary_large_image\" \/>\n<meta name=\"twitter:label1\" content=\"Escrito por\" \/>\n\t<meta name=\"twitter:data1\" content=\"admin\" \/>\n\t<meta name=\"twitter:label2\" content=\"Tiempo de lectura\" \/>\n\t<meta name=\"twitter:data2\" content=\"2 minutos\" \/>\n<script type=\"application\/ld+json\" class=\"yoast-schema-graph\">{\"@context\":\"https:\/\/schema.org\",\"@graph\":[{\"@type\":\"Article\",\"@id\":\"https:\/\/diariolajornada.com\/?p=23505#article\",\"isPartOf\":{\"@id\":\"https:\/\/diariolajornada.com\/?p=23505\"},\"author\":{\"name\":\"admin\",\"@id\":\"https:\/\/diariolajornada.com\/#\/schema\/person\/83fc9ad02376abb532ce4553a399186b\"},\"headline\":\"Festival de cine de Venecia presenta variado programa pese a huelga en EEUU\",\"datePublished\":\"2023-07-25T19:03:02+00:00\",\"dateModified\":\"2023-07-25T19:03:47+00:00\",\"mainEntityOfPage\":{\"@id\":\"https:\/\/diariolajornada.com\/?p=23505\"},\"wordCount\":369,\"commentCount\":0,\"publisher\":{\"@id\":\"https:\/\/diariolajornada.com\/#organization\"},\"image\":{\"@id\":\"https:\/\/diariolajornada.com\/?p=23505#primaryimage\"},\"thumbnailUrl\":\"https:\/\/diariolajornada.com\/wp-content\/uploads\/2023\/07\/img_5640.jpg\",\"articleSection\":[\"Entretenimiento\"],\"inLanguage\":\"es\",\"potentialAction\":[{\"@type\":\"CommentAction\",\"name\":\"Comment\",\"target\":[\"https:\/\/diariolajornada.com\/?p=23505#respond\"]}]},{\"@type\":\"WebPage\",\"@id\":\"https:\/\/diariolajornada.com\/?p=23505\",\"url\":\"https:\/\/diariolajornada.com\/?p=23505\",\"name\":\"Festival de cine de Venecia presenta variado programa pese a huelga en EEUU - Diario La Jornada\",\"isPartOf\":{\"@id\":\"https:\/\/diariolajornada.com\/#website\"},\"primaryImageOfPage\":{\"@id\":\"https:\/\/diariolajornada.com\/?p=23505#primaryimage\"},\"image\":{\"@id\":\"https:\/\/diariolajornada.com\/?p=23505#primaryimage\"},\"thumbnailUrl\":\"https:\/\/diariolajornada.com\/wp-content\/uploads\/2023\/07\/img_5640.jpg\",\"datePublished\":\"2023-07-25T19:03:02+00:00\",\"dateModified\":\"2023-07-25T19:03:47+00:00\",\"breadcrumb\":{\"@id\":\"https:\/\/diariolajornada.com\/?p=23505#breadcrumb\"},\"inLanguage\":\"es\",\"potentialAction\":[{\"@type\":\"ReadAction\",\"target\":[\"https:\/\/diariolajornada.com\/?p=23505\"]}]},{\"@type\":\"ImageObject\",\"inLanguage\":\"es\",\"@id\":\"https:\/\/diariolajornada.com\/?p=23505#primaryimage\",\"url\":\"https:\/\/diariolajornada.com\/wp-content\/uploads\/2023\/07\/img_5640.jpg\",\"contentUrl\":\"https:\/\/diariolajornada.com\/wp-content\/uploads\/2023\/07\/img_5640.jpg\",\"width\":1024,\"height\":682},{\"@type\":\"BreadcrumbList\",\"@id\":\"https:\/\/diariolajornada.com\/?p=23505#breadcrumb\",\"itemListElement\":[{\"@type\":\"ListItem\",\"position\":1,\"name\":\"Portada\",\"item\":\"https:\/\/diariolajornada.com\/\"},{\"@type\":\"ListItem\",\"position\":2,\"name\":\"Festival de cine de Venecia presenta variado programa pese a huelga en EEUU\"}]},{\"@type\":\"WebSite\",\"@id\":\"https:\/\/diariolajornada.com\/#website\",\"url\":\"https:\/\/diariolajornada.com\/\",\"name\":\"Diario La Jornada\",\"description\":\"Noticias Nacionales Regionales e Internacionales\",\"publisher\":{\"@id\":\"https:\/\/diariolajornada.com\/#organization\"},\"potentialAction\":[{\"@type\":\"SearchAction\",\"target\":{\"@type\":\"EntryPoint\",\"urlTemplate\":\"https:\/\/diariolajornada.com\/?s={search_term_string}\"},\"query-input\":{\"@type\":\"PropertyValueSpecification\",\"valueRequired\":true,\"valueName\":\"search_term_string\"}}],\"inLanguage\":\"es\"},{\"@type\":\"Organization\",\"@id\":\"https:\/\/diariolajornada.com\/#organization\",\"name\":\"Diario La Jornada\",\"url\":\"https:\/\/diariolajornada.com\/\",\"logo\":{\"@type\":\"ImageObject\",\"inLanguage\":\"es\",\"@id\":\"https:\/\/diariolajornada.com\/#\/schema\/logo\/image\/\",\"url\":\"https:\/\/diariolajornada.com\/wp-content\/uploads\/2021\/06\/LOGO-JORNADA-SVG-01-02.svg\",\"contentUrl\":\"https:\/\/diariolajornada.com\/wp-content\/uploads\/2021\/06\/LOGO-JORNADA-SVG-01-02.svg\",\"width\":350,\"height\":100,\"caption\":\"Diario La Jornada\"},\"image\":{\"@id\":\"https:\/\/diariolajornada.com\/#\/schema\/logo\/image\/\"},\"sameAs\":[\"https:\/\/es-la.facebook.com\/lajornadadeguarico\/\",\"https:\/\/www.instagram.com\/diariojornada\/?hl=es\"]},{\"@type\":\"Person\",\"@id\":\"https:\/\/diariolajornada.com\/#\/schema\/person\/83fc9ad02376abb532ce4553a399186b\",\"name\":\"admin\",\"image\":{\"@type\":\"ImageObject\",\"inLanguage\":\"es\",\"@id\":\"https:\/\/diariolajornada.com\/#\/schema\/person\/image\/\",\"url\":\"https:\/\/secure.gravatar.com\/avatar\/fdcecb87f300ccb988450328a61211f10a01c8bfedfca54e932145534024045b?s=96&d=mm&r=g\",\"contentUrl\":\"https:\/\/secure.gravatar.com\/avatar\/fdcecb87f300ccb988450328a61211f10a01c8bfedfca54e932145534024045b?s=96&d=mm&r=g\",\"caption\":\"admin\"},\"sameAs\":[\"https:\/\/diariolajornada.com\"],\"url\":\"https:\/\/diariolajornada.com\/?author=1\"}]}<\/script>\n<!-- \/ Yoast SEO plugin. -->","yoast_head_json":{"title":"Festival de cine de Venecia presenta variado programa pese a huelga en EEUU - Diario La Jornada","robots":{"index":"index","follow":"follow","max-snippet":"max-snippet:-1","max-image-preview":"max-image-preview:large","max-video-preview":"max-video-preview:-1"},"canonical":"https:\/\/diariolajornada.com\/?p=23505","og_locale":"es_ES","og_type":"article","og_title":"Festival de cine de Venecia presenta variado programa pese a huelga en EEUU - Diario La Jornada","og_description":"@diariojornada Diario La Jornada. \u2013 El festival de cine de Venecia present\u00f3 este martes su variado programa, con pel\u00edculas biogr\u00e1ficas de Priscilla Presley y Enzo Ferrari, a pesar de la posible ausencia de algunas estrellas por la huelga de actores en Hollywood, informaron los organizadores este martes. La 80\u00aa edici\u00f3n de la Mostra, que se [&hellip;]","og_url":"https:\/\/diariolajornada.com\/?p=23505","og_site_name":"Diario La Jornada","article_publisher":"https:\/\/es-la.facebook.com\/lajornadadeguarico\/","article_published_time":"2023-07-25T19:03:02+00:00","article_modified_time":"2023-07-25T19:03:47+00:00","og_image":[{"width":1024,"height":682,"url":"https:\/\/diariolajornada.com\/wp-content\/uploads\/2023\/07\/img_5640.jpg","type":"image\/jpeg"}],"author":"admin","twitter_card":"summary_large_image","twitter_misc":{"Escrito por":"admin","Tiempo de lectura":"2 minutos"},"schema":{"@context":"https:\/\/schema.org","@graph":[{"@type":"Article","@id":"https:\/\/diariolajornada.com\/?p=23505#article","isPartOf":{"@id":"https:\/\/diariolajornada.com\/?p=23505"},"author":{"name":"admin","@id":"https:\/\/diariolajornada.com\/#\/schema\/person\/83fc9ad02376abb532ce4553a399186b"},"headline":"Festival de cine de Venecia presenta variado programa pese a huelga en EEUU","datePublished":"2023-07-25T19:03:02+00:00","dateModified":"2023-07-25T19:03:47+00:00","mainEntityOfPage":{"@id":"https:\/\/diariolajornada.com\/?p=23505"},"wordCount":369,"commentCount":0,"publisher":{"@id":"https:\/\/diariolajornada.com\/#organization"},"image":{"@id":"https:\/\/diariolajornada.com\/?p=23505#primaryimage"},"thumbnailUrl":"https:\/\/diariolajornada.com\/wp-content\/uploads\/2023\/07\/img_5640.jpg","articleSection":["Entretenimiento"],"inLanguage":"es","potentialAction":[{"@type":"CommentAction","name":"Comment","target":["https:\/\/diariolajornada.com\/?p=23505#respond"]}]},{"@type":"WebPage","@id":"https:\/\/diariolajornada.com\/?p=23505","url":"https:\/\/diariolajornada.com\/?p=23505","name":"Festival de cine de Venecia presenta variado programa pese a huelga en EEUU - Diario La Jornada","isPartOf":{"@id":"https:\/\/diariolajornada.com\/#website"},"primaryImageOfPage":{"@id":"https:\/\/diariolajornada.com\/?p=23505#primaryimage"},"image":{"@id":"https:\/\/diariolajornada.com\/?p=23505#primaryimage"},"thumbnailUrl":"https:\/\/diariolajornada.com\/wp-content\/uploads\/2023\/07\/img_5640.jpg","datePublished":"2023-07-25T19:03:02+00:00","dateModified":"2023-07-25T19:03:47+00:00","breadcrumb":{"@id":"https:\/\/diariolajornada.com\/?p=23505#breadcrumb"},"inLanguage":"es","potentialAction":[{"@type":"ReadAction","target":["https:\/\/diariolajornada.com\/?p=23505"]}]},{"@type":"ImageObject","inLanguage":"es","@id":"https:\/\/diariolajornada.com\/?p=23505#primaryimage","url":"https:\/\/diariolajornada.com\/wp-content\/uploads\/2023\/07\/img_5640.jpg","contentUrl":"https:\/\/diariolajornada.com\/wp-content\/uploads\/2023\/07\/img_5640.jpg","width":1024,"height":682},{"@type":"BreadcrumbList","@id":"https:\/\/diariolajornada.com\/?p=23505#breadcrumb","itemListElement":[{"@type":"ListItem","position":1,"name":"Portada","item":"https:\/\/diariolajornada.com\/"},{"@type":"ListItem","position":2,"name":"Festival de cine de Venecia presenta variado programa pese a huelga en EEUU"}]},{"@type":"WebSite","@id":"https:\/\/diariolajornada.com\/#website","url":"https:\/\/diariolajornada.com\/","name":"Diario La Jornada","description":"Noticias Nacionales Regionales e Internacionales","publisher":{"@id":"https:\/\/diariolajornada.com\/#organization"},"potentialAction":[{"@type":"SearchAction","target":{"@type":"EntryPoint","urlTemplate":"https:\/\/diariolajornada.com\/?s={search_term_string}"},"query-input":{"@type":"PropertyValueSpecification","valueRequired":true,"valueName":"search_term_string"}}],"inLanguage":"es"},{"@type":"Organization","@id":"https:\/\/diariolajornada.com\/#organization","name":"Diario La Jornada","url":"https:\/\/diariolajornada.com\/","logo":{"@type":"ImageObject","inLanguage":"es","@id":"https:\/\/diariolajornada.com\/#\/schema\/logo\/image\/","url":"https:\/\/diariolajornada.com\/wp-content\/uploads\/2021\/06\/LOGO-JORNADA-SVG-01-02.svg","contentUrl":"https:\/\/diariolajornada.com\/wp-content\/uploads\/2021\/06\/LOGO-JORNADA-SVG-01-02.svg","width":350,"height":100,"caption":"Diario La Jornada"},"image":{"@id":"https:\/\/diariolajornada.com\/#\/schema\/logo\/image\/"},"sameAs":["https:\/\/es-la.facebook.com\/lajornadadeguarico\/","https:\/\/www.instagram.com\/diariojornada\/?hl=es"]},{"@type":"Person","@id":"https:\/\/diariolajornada.com\/#\/schema\/person\/83fc9ad02376abb532ce4553a399186b","name":"admin","image":{"@type":"ImageObject","inLanguage":"es","@id":"https:\/\/diariolajornada.com\/#\/schema\/person\/image\/","url":"https:\/\/secure.gravatar.com\/avatar\/fdcecb87f300ccb988450328a61211f10a01c8bfedfca54e932145534024045b?s=96&d=mm&r=g","contentUrl":"https:\/\/secure.gravatar.com\/avatar\/fdcecb87f300ccb988450328a61211f10a01c8bfedfca54e932145534024045b?s=96&d=mm&r=g","caption":"admin"},"sameAs":["https:\/\/diariolajornada.com"],"url":"https:\/\/diariolajornada.com\/?author=1"}]}},"_links":{"self":[{"href":"https:\/\/diariolajornada.com\/index.php?rest_route=\/wp\/v2\/posts\/23505","targetHints":{"allow":["GET"]}}],"collection":[{"href":"https:\/\/diariolajornada.com\/index.php?rest_route=\/wp\/v2\/posts"}],"about":[{"href":"https:\/\/diariolajornada.com\/index.php?rest_route=\/wp\/v2\/types\/post"}],"author":[{"embeddable":true,"href":"https:\/\/diariolajornada.com\/index.php?rest_route=\/wp\/v2\/users\/1"}],"replies":[{"embeddable":true,"href":"https:\/\/diariolajornada.com\/index.php?rest_route=%2Fwp%2Fv2%2Fcomments&post=23505"}],"version-history":[{"count":1,"href":"https:\/\/diariolajornada.com\/index.php?rest_route=\/wp\/v2\/posts\/23505\/revisions"}],"predecessor-version":[{"id":23506,"href":"https:\/\/diariolajornada.com\/index.php?rest_route=\/wp\/v2\/posts\/23505\/revisions\/23506"}],"wp:featuredmedia":[{"embeddable":true,"href":"https:\/\/diariolajornada.com\/index.php?rest_route=\/wp\/v2\/media\/23504"}],"wp:attachment":[{"href":"https:\/\/diariolajornada.com\/index.php?rest_route=%2Fwp%2Fv2%2Fmedia&parent=23505"}],"wp:term":[{"taxonomy":"category","embeddable":true,"href":"https:\/\/diariolajornada.com\/index.php?rest_route=%2Fwp%2Fv2%2Fcategories&post=23505"},{"taxonomy":"post_tag","embeddable":true,"href":"https:\/\/diariolajornada.com\/index.php?rest_route=%2Fwp%2Fv2%2Ftags&post=23505"}],"curies":[{"name":"wp","href":"https:\/\/api.w.org\/{rel}","templated":true}]}}