{"id":23508,"date":"2023-07-25T15:31:15","date_gmt":"2023-07-25T19:31:15","guid":{"rendered":"https:\/\/diariolajornada.com\/?p=23508"},"modified":"2023-07-26T10:14:59","modified_gmt":"2023-07-26T14:14:59","slug":"la-produccion-de-cereales-en-2023-2024-batira-records-segun-las-previsiones","status":"publish","type":"post","link":"https:\/\/diariolajornada.com\/?p=23508","title":{"rendered":"La producci\u00f3n de cereales en 2023-2024 batir\u00e1 r\u00e9cords, seg\u00fan las previsiones"},"content":{"rendered":"\n<p><strong>@diariojornada<\/strong><\/p>\n\n\n\n<p><strong>Diario La Jornada. \u2013<\/strong> Para 2023-2024 se prev\u00e9 una cosecha de cereales r\u00e9cord, con las producciones de ma\u00edz y de arroz al alza en un mercado todav\u00eda tenso, pendiente de la influencia del fen\u00f3meno meteorol\u00f3gico de El Ni\u00f1o y de los riesgos ligados a la guerra en Ucrania.<\/p>\n\n\n\n<p>El International Grain Council (IGC), que agrupa a los principales pa\u00edses importadores y exportadores prev\u00e9, dejando el arroz a parte, una producci\u00f3n de 2.300 millones de toneladas de cereales (ma\u00edz, trigo, cebada, sorgo&#8230;), en leve alza respecto a la campa\u00f1a de 2021-2022, que precedi\u00f3 al dif\u00edcil a\u00f1o de 2022-2023 a causa de la sequ\u00eda, seg\u00fan las estimaciones publicadas en julio.<\/p>\n\n\n\n<p>La producci\u00f3n de ma\u00edz contin\u00faa creciendo, con una estimaci\u00f3n de 1.220 millones de toneladas (un crecimiento interanual del 5,5%), sobre todo por el aumento de las superficies dedicadas en Estado Unidos y a la buena cosecha que se espera en Brasil.<\/p>\n\n\n\n<p>El IGC calcula que la producci\u00f3n mundial de ma\u00edz, el cereal m\u00e1s consumido por los seres humanos junto con el trigo, ser\u00e1 de 527 millones de toneladas, un 2,5% m\u00e1s que en la campa\u00f1a anterior.<\/p>\n\n\n\n<p>En cambio, la organizaci\u00f3n prev\u00e9 que la producci\u00f3n de trigo baje a 784 millones de toneladas, un descenso del 2,4% respecto al a\u00f1o pasado, en el que las cosechas rusa y australianas fueron excepcionales.&nbsp;<\/p>\n\n\n\n<p>Tensi\u00f3n por el trigo duro&nbsp;<\/p>\n\n\n\n<p>\u00abLa tensi\u00f3n en el (mercado del) trigo se debe a que las previsiones de consumo son superiores en 20 millones de toneladas, a las de la producci\u00f3n\u00bb, explic\u00f3 Damien Vercambre, corredor del gabinete Inter-Courtage.&nbsp;<\/p>\n\n\n\n<p>La demanda del ma\u00edz es a\u00fan mayor, con un consumo al alza de 30 millones de toneladas en un a\u00f1o, que quedar\u00e1 cubierto por una importante producci\u00f3n.<\/p>\n\n\n\n<p>El aumento del consumo de un alimento principalmente destinado al ganado se explica por \u00abla vuelta de Asia al crecimiento, donde los consumidores comen m\u00e1s carne en cuanto su nivel de vida se lo permite\u00bb, apunt\u00f3 Vercambre.<\/p>\n\n\n\n<p>En cuanto al trigo, la tensi\u00f3n en el mercado obedece tambi\u00e9n a los vol\u00famenes de las reservas. Seg\u00fan el \u00faltimo informe mensual de la secretar\u00eda estadounidense de Agricultura (USDA), las provisiones de trigo en los grandes exportadores son de unas 55 millones de toneladas (un nivel m\u00ednimo en diez a\u00f1os), mientras que la producci\u00f3n \u00abno avanza enormemente desde hace tres a\u00f1os\u00bb, se\u00f1al\u00f3 S\u00e9bastien Poncelet, especialista en cereales del gabinete Agritel.<\/p>\n\n\n\n<p>Tambi\u00e9n hay que tener en cuenta los avatares del clima y los riesgos geopol\u00edticos, incluyendo los bombardeos rusos en los puertos ucranianos desde los que se exportan granos.&nbsp;<\/p>\n\n\n\n<p>Pero, tras una sequ\u00eda intensa, los riesgos clim\u00e1ticos en las grandes llanuras cerealeras norteamericanas han disminuido. \u00abActualmente, la zona m\u00e1s seca es la de los cultivos de trigo duro en Canad\u00e1, que exporta casi 5 millones de toneladas anuales\u00bb, indic\u00f3 Poncelet.<\/p>\n\n\n\n<p><strong>Existencias holgadas de arroz<\/strong><\/p>\n\n\n\n<p>En Asia, lo que m\u00e1s preocupa es la influencia del fen\u00f3meno clim\u00e1tico El Ni\u00f1o, en general asociado a un aumento de las temperaturas mundiales.&nbsp;<\/p>\n\n\n\n<p>Pero, de momento, no se ha constatado ning\u00fan impacto relevante en el arroz.<\/p>\n\n\n\n<p>A\u00fan as\u00ed, India, que realiza el 40% del comercio mundial, tom\u00f3 medidas para prohibir la exportaci\u00f3n de arroz blanco no basmati, con el fin de \u00abgarantizar\u00bb su abastecimiento y \u00abatenuar el aumento de los precios en el mercado interno\u00bb.<\/p>\n\n\n\n<p>Esta decisi\u00f3n podr\u00eda alentar la inflaci\u00f3n, con unos precios que ya registran una \u00absubida interanual del 30%\u00bb, advirti\u00f3 Patricio M\u00e9ndez del Villar, especialista en arroz y economista en el Centro de Cooperaci\u00f3n Internacional de Investigaci\u00f3n Agron\u00f3mica para el Desarrollo (Cirad).<\/p>\n\n\n\n<p>Con todo, hay unas \u00abexistencias holgadas\u00bb de arroz, equivalentes al \u00ab37% del consumo anual\u00bb, en comparaci\u00f3n con el 25% que hab\u00eda durante la crisis de 2008, apostill\u00f3.<\/p>\n\n\n\n<p><strong>Con informaci\u00f3n de AFP<\/strong><\/p>\n","protected":false},"excerpt":{"rendered":"<p>@diariojornada Diario La Jornada. \u2013 Para 2023-2024 se prev\u00e9 una cosecha de cereales r\u00e9cord, con las producciones de ma\u00edz y de arroz al alza en un mercado todav\u00eda tenso, pendiente de la influencia del fen\u00f3meno meteorol\u00f3gico de El Ni\u00f1o y de los riesgos ligados a la guerra en Ucrania. El International Grain Council (IGC), que [&hellip;]<\/p>\n","protected":false},"author":1,"featured_media":23507,"comment_status":"open","ping_status":"open","sticky":false,"template":"","format":"standard","meta":{"footnotes":""},"categories":[17,10],"tags":[],"class_list":["post-23508","post","type-post","status-publish","format-standard","has-post-thumbnail","hentry","category-destacada","category-internacionales"],"yoast_head":"<!-- This site is optimized with the Yoast SEO plugin v24.4 - https:\/\/yoast.com\/wordpress\/plugins\/seo\/ -->\n<title>La producci\u00f3n de cereales en 2023-2024 batir\u00e1 r\u00e9cords, seg\u00fan las previsiones - Diario La Jornada<\/title>\n<meta name=\"robots\" content=\"index, follow, max-snippet:-1, max-image-preview:large, max-video-preview:-1\" \/>\n<link rel=\"canonical\" href=\"https:\/\/diariolajornada.com\/?p=23508\" \/>\n<meta property=\"og:locale\" content=\"es_ES\" \/>\n<meta property=\"og:type\" content=\"article\" \/>\n<meta property=\"og:title\" content=\"La producci\u00f3n de cereales en 2023-2024 batir\u00e1 r\u00e9cords, seg\u00fan las previsiones - Diario La Jornada\" \/>\n<meta property=\"og:description\" content=\"@diariojornada Diario La Jornada. \u2013 Para 2023-2024 se prev\u00e9 una cosecha de cereales r\u00e9cord, con las producciones de ma\u00edz y de arroz al alza en un mercado todav\u00eda tenso, pendiente de la influencia del fen\u00f3meno meteorol\u00f3gico de El Ni\u00f1o y de los riesgos ligados a la guerra en Ucrania. El International Grain Council (IGC), que [&hellip;]\" \/>\n<meta property=\"og:url\" content=\"https:\/\/diariolajornada.com\/?p=23508\" \/>\n<meta property=\"og:site_name\" content=\"Diario La Jornada\" \/>\n<meta property=\"article:publisher\" content=\"https:\/\/es-la.facebook.com\/lajornadadeguarico\/\" \/>\n<meta property=\"article:published_time\" content=\"2023-07-25T19:31:15+00:00\" \/>\n<meta property=\"article:modified_time\" content=\"2023-07-26T14:14:59+00:00\" \/>\n<meta property=\"og:image\" content=\"https:\/\/diariolajornada.com\/wp-content\/uploads\/2023\/07\/img_5624-2.jpg\" \/>\n\t<meta property=\"og:image:width\" content=\"1200\" \/>\n\t<meta property=\"og:image:height\" content=\"675\" \/>\n\t<meta property=\"og:image:type\" content=\"image\/jpeg\" \/>\n<meta name=\"author\" content=\"admin\" \/>\n<meta name=\"twitter:card\" content=\"summary_large_image\" \/>\n<meta name=\"twitter:label1\" content=\"Escrito por\" \/>\n\t<meta name=\"twitter:data1\" content=\"admin\" \/>\n\t<meta name=\"twitter:label2\" content=\"Tiempo de lectura\" \/>\n\t<meta name=\"twitter:data2\" content=\"3 minutos\" \/>\n<script type=\"application\/ld+json\" class=\"yoast-schema-graph\">{\"@context\":\"https:\/\/schema.org\",\"@graph\":[{\"@type\":\"Article\",\"@id\":\"https:\/\/diariolajornada.com\/?p=23508#article\",\"isPartOf\":{\"@id\":\"https:\/\/diariolajornada.com\/?p=23508\"},\"author\":{\"name\":\"admin\",\"@id\":\"https:\/\/diariolajornada.com\/#\/schema\/person\/83fc9ad02376abb532ce4553a399186b\"},\"headline\":\"La producci\u00f3n de cereales en 2023-2024 batir\u00e1 r\u00e9cords, seg\u00fan las previsiones\",\"datePublished\":\"2023-07-25T19:31:15+00:00\",\"dateModified\":\"2023-07-26T14:14:59+00:00\",\"mainEntityOfPage\":{\"@id\":\"https:\/\/diariolajornada.com\/?p=23508\"},\"wordCount\":681,\"commentCount\":0,\"publisher\":{\"@id\":\"https:\/\/diariolajornada.com\/#organization\"},\"image\":{\"@id\":\"https:\/\/diariolajornada.com\/?p=23508#primaryimage\"},\"thumbnailUrl\":\"https:\/\/diariolajornada.com\/wp-content\/uploads\/2023\/07\/img_5624-2.jpg\",\"articleSection\":[\"DESTACADA\",\"Internacionales\"],\"inLanguage\":\"es\",\"potentialAction\":[{\"@type\":\"CommentAction\",\"name\":\"Comment\",\"target\":[\"https:\/\/diariolajornada.com\/?p=23508#respond\"]}]},{\"@type\":\"WebPage\",\"@id\":\"https:\/\/diariolajornada.com\/?p=23508\",\"url\":\"https:\/\/diariolajornada.com\/?p=23508\",\"name\":\"La producci\u00f3n de cereales en 2023-2024 batir\u00e1 r\u00e9cords, seg\u00fan las previsiones - Diario La Jornada\",\"isPartOf\":{\"@id\":\"https:\/\/diariolajornada.com\/#website\"},\"primaryImageOfPage\":{\"@id\":\"https:\/\/diariolajornada.com\/?p=23508#primaryimage\"},\"image\":{\"@id\":\"https:\/\/diariolajornada.com\/?p=23508#primaryimage\"},\"thumbnailUrl\":\"https:\/\/diariolajornada.com\/wp-content\/uploads\/2023\/07\/img_5624-2.jpg\",\"datePublished\":\"2023-07-25T19:31:15+00:00\",\"dateModified\":\"2023-07-26T14:14:59+00:00\",\"breadcrumb\":{\"@id\":\"https:\/\/diariolajornada.com\/?p=23508#breadcrumb\"},\"inLanguage\":\"es\",\"potentialAction\":[{\"@type\":\"ReadAction\",\"target\":[\"https:\/\/diariolajornada.com\/?p=23508\"]}]},{\"@type\":\"ImageObject\",\"inLanguage\":\"es\",\"@id\":\"https:\/\/diariolajornada.com\/?p=23508#primaryimage\",\"url\":\"https:\/\/diariolajornada.com\/wp-content\/uploads\/2023\/07\/img_5624-2.jpg\",\"contentUrl\":\"https:\/\/diariolajornada.com\/wp-content\/uploads\/2023\/07\/img_5624-2.jpg\",\"width\":1200,\"height\":675},{\"@type\":\"BreadcrumbList\",\"@id\":\"https:\/\/diariolajornada.com\/?p=23508#breadcrumb\",\"itemListElement\":[{\"@type\":\"ListItem\",\"position\":1,\"name\":\"Portada\",\"item\":\"https:\/\/diariolajornada.com\/\"},{\"@type\":\"ListItem\",\"position\":2,\"name\":\"La producci\u00f3n de cereales en 2023-2024 batir\u00e1 r\u00e9cords, seg\u00fan las previsiones\"}]},{\"@type\":\"WebSite\",\"@id\":\"https:\/\/diariolajornada.com\/#website\",\"url\":\"https:\/\/diariolajornada.com\/\",\"name\":\"Diario La Jornada\",\"description\":\"Noticias Nacionales Regionales e Internacionales\",\"publisher\":{\"@id\":\"https:\/\/diariolajornada.com\/#organization\"},\"potentialAction\":[{\"@type\":\"SearchAction\",\"target\":{\"@type\":\"EntryPoint\",\"urlTemplate\":\"https:\/\/diariolajornada.com\/?s={search_term_string}\"},\"query-input\":{\"@type\":\"PropertyValueSpecification\",\"valueRequired\":true,\"valueName\":\"search_term_string\"}}],\"inLanguage\":\"es\"},{\"@type\":\"Organization\",\"@id\":\"https:\/\/diariolajornada.com\/#organization\",\"name\":\"Diario La Jornada\",\"url\":\"https:\/\/diariolajornada.com\/\",\"logo\":{\"@type\":\"ImageObject\",\"inLanguage\":\"es\",\"@id\":\"https:\/\/diariolajornada.com\/#\/schema\/logo\/image\/\",\"url\":\"https:\/\/diariolajornada.com\/wp-content\/uploads\/2021\/06\/LOGO-JORNADA-SVG-01-02.svg\",\"contentUrl\":\"https:\/\/diariolajornada.com\/wp-content\/uploads\/2021\/06\/LOGO-JORNADA-SVG-01-02.svg\",\"width\":350,\"height\":100,\"caption\":\"Diario La Jornada\"},\"image\":{\"@id\":\"https:\/\/diariolajornada.com\/#\/schema\/logo\/image\/\"},\"sameAs\":[\"https:\/\/es-la.facebook.com\/lajornadadeguarico\/\",\"https:\/\/www.instagram.com\/diariojornada\/?hl=es\"]},{\"@type\":\"Person\",\"@id\":\"https:\/\/diariolajornada.com\/#\/schema\/person\/83fc9ad02376abb532ce4553a399186b\",\"name\":\"admin\",\"image\":{\"@type\":\"ImageObject\",\"inLanguage\":\"es\",\"@id\":\"https:\/\/diariolajornada.com\/#\/schema\/person\/image\/\",\"url\":\"https:\/\/secure.gravatar.com\/avatar\/fdcecb87f300ccb988450328a61211f10a01c8bfedfca54e932145534024045b?s=96&d=mm&r=g\",\"contentUrl\":\"https:\/\/secure.gravatar.com\/avatar\/fdcecb87f300ccb988450328a61211f10a01c8bfedfca54e932145534024045b?s=96&d=mm&r=g\",\"caption\":\"admin\"},\"sameAs\":[\"https:\/\/diariolajornada.com\"],\"url\":\"https:\/\/diariolajornada.com\/?author=1\"}]}<\/script>\n<!-- \/ Yoast SEO plugin. -->","yoast_head_json":{"title":"La producci\u00f3n de cereales en 2023-2024 batir\u00e1 r\u00e9cords, seg\u00fan las previsiones - Diario La Jornada","robots":{"index":"index","follow":"follow","max-snippet":"max-snippet:-1","max-image-preview":"max-image-preview:large","max-video-preview":"max-video-preview:-1"},"canonical":"https:\/\/diariolajornada.com\/?p=23508","og_locale":"es_ES","og_type":"article","og_title":"La producci\u00f3n de cereales en 2023-2024 batir\u00e1 r\u00e9cords, seg\u00fan las previsiones - Diario La Jornada","og_description":"@diariojornada Diario La Jornada. \u2013 Para 2023-2024 se prev\u00e9 una cosecha de cereales r\u00e9cord, con las producciones de ma\u00edz y de arroz al alza en un mercado todav\u00eda tenso, pendiente de la influencia del fen\u00f3meno meteorol\u00f3gico de El Ni\u00f1o y de los riesgos ligados a la guerra en Ucrania. El International Grain Council (IGC), que [&hellip;]","og_url":"https:\/\/diariolajornada.com\/?p=23508","og_site_name":"Diario La Jornada","article_publisher":"https:\/\/es-la.facebook.com\/lajornadadeguarico\/","article_published_time":"2023-07-25T19:31:15+00:00","article_modified_time":"2023-07-26T14:14:59+00:00","og_image":[{"width":1200,"height":675,"url":"https:\/\/diariolajornada.com\/wp-content\/uploads\/2023\/07\/img_5624-2.jpg","type":"image\/jpeg"}],"author":"admin","twitter_card":"summary_large_image","twitter_misc":{"Escrito por":"admin","Tiempo de lectura":"3 minutos"},"schema":{"@context":"https:\/\/schema.org","@graph":[{"@type":"Article","@id":"https:\/\/diariolajornada.com\/?p=23508#article","isPartOf":{"@id":"https:\/\/diariolajornada.com\/?p=23508"},"author":{"name":"admin","@id":"https:\/\/diariolajornada.com\/#\/schema\/person\/83fc9ad02376abb532ce4553a399186b"},"headline":"La producci\u00f3n de cereales en 2023-2024 batir\u00e1 r\u00e9cords, seg\u00fan las previsiones","datePublished":"2023-07-25T19:31:15+00:00","dateModified":"2023-07-26T14:14:59+00:00","mainEntityOfPage":{"@id":"https:\/\/diariolajornada.com\/?p=23508"},"wordCount":681,"commentCount":0,"publisher":{"@id":"https:\/\/diariolajornada.com\/#organization"},"image":{"@id":"https:\/\/diariolajornada.com\/?p=23508#primaryimage"},"thumbnailUrl":"https:\/\/diariolajornada.com\/wp-content\/uploads\/2023\/07\/img_5624-2.jpg","articleSection":["DESTACADA","Internacionales"],"inLanguage":"es","potentialAction":[{"@type":"CommentAction","name":"Comment","target":["https:\/\/diariolajornada.com\/?p=23508#respond"]}]},{"@type":"WebPage","@id":"https:\/\/diariolajornada.com\/?p=23508","url":"https:\/\/diariolajornada.com\/?p=23508","name":"La producci\u00f3n de cereales en 2023-2024 batir\u00e1 r\u00e9cords, seg\u00fan las previsiones - Diario La Jornada","isPartOf":{"@id":"https:\/\/diariolajornada.com\/#website"},"primaryImageOfPage":{"@id":"https:\/\/diariolajornada.com\/?p=23508#primaryimage"},"image":{"@id":"https:\/\/diariolajornada.com\/?p=23508#primaryimage"},"thumbnailUrl":"https:\/\/diariolajornada.com\/wp-content\/uploads\/2023\/07\/img_5624-2.jpg","datePublished":"2023-07-25T19:31:15+00:00","dateModified":"2023-07-26T14:14:59+00:00","breadcrumb":{"@id":"https:\/\/diariolajornada.com\/?p=23508#breadcrumb"},"inLanguage":"es","potentialAction":[{"@type":"ReadAction","target":["https:\/\/diariolajornada.com\/?p=23508"]}]},{"@type":"ImageObject","inLanguage":"es","@id":"https:\/\/diariolajornada.com\/?p=23508#primaryimage","url":"https:\/\/diariolajornada.com\/wp-content\/uploads\/2023\/07\/img_5624-2.jpg","contentUrl":"https:\/\/diariolajornada.com\/wp-content\/uploads\/2023\/07\/img_5624-2.jpg","width":1200,"height":675},{"@type":"BreadcrumbList","@id":"https:\/\/diariolajornada.com\/?p=23508#breadcrumb","itemListElement":[{"@type":"ListItem","position":1,"name":"Portada","item":"https:\/\/diariolajornada.com\/"},{"@type":"ListItem","position":2,"name":"La producci\u00f3n de cereales en 2023-2024 batir\u00e1 r\u00e9cords, seg\u00fan las previsiones"}]},{"@type":"WebSite","@id":"https:\/\/diariolajornada.com\/#website","url":"https:\/\/diariolajornada.com\/","name":"Diario La Jornada","description":"Noticias Nacionales Regionales e Internacionales","publisher":{"@id":"https:\/\/diariolajornada.com\/#organization"},"potentialAction":[{"@type":"SearchAction","target":{"@type":"EntryPoint","urlTemplate":"https:\/\/diariolajornada.com\/?s={search_term_string}"},"query-input":{"@type":"PropertyValueSpecification","valueRequired":true,"valueName":"search_term_string"}}],"inLanguage":"es"},{"@type":"Organization","@id":"https:\/\/diariolajornada.com\/#organization","name":"Diario La Jornada","url":"https:\/\/diariolajornada.com\/","logo":{"@type":"ImageObject","inLanguage":"es","@id":"https:\/\/diariolajornada.com\/#\/schema\/logo\/image\/","url":"https:\/\/diariolajornada.com\/wp-content\/uploads\/2021\/06\/LOGO-JORNADA-SVG-01-02.svg","contentUrl":"https:\/\/diariolajornada.com\/wp-content\/uploads\/2021\/06\/LOGO-JORNADA-SVG-01-02.svg","width":350,"height":100,"caption":"Diario La Jornada"},"image":{"@id":"https:\/\/diariolajornada.com\/#\/schema\/logo\/image\/"},"sameAs":["https:\/\/es-la.facebook.com\/lajornadadeguarico\/","https:\/\/www.instagram.com\/diariojornada\/?hl=es"]},{"@type":"Person","@id":"https:\/\/diariolajornada.com\/#\/schema\/person\/83fc9ad02376abb532ce4553a399186b","name":"admin","image":{"@type":"ImageObject","inLanguage":"es","@id":"https:\/\/diariolajornada.com\/#\/schema\/person\/image\/","url":"https:\/\/secure.gravatar.com\/avatar\/fdcecb87f300ccb988450328a61211f10a01c8bfedfca54e932145534024045b?s=96&d=mm&r=g","contentUrl":"https:\/\/secure.gravatar.com\/avatar\/fdcecb87f300ccb988450328a61211f10a01c8bfedfca54e932145534024045b?s=96&d=mm&r=g","caption":"admin"},"sameAs":["https:\/\/diariolajornada.com"],"url":"https:\/\/diariolajornada.com\/?author=1"}]}},"_links":{"self":[{"href":"https:\/\/diariolajornada.com\/index.php?rest_route=\/wp\/v2\/posts\/23508","targetHints":{"allow":["GET"]}}],"collection":[{"href":"https:\/\/diariolajornada.com\/index.php?rest_route=\/wp\/v2\/posts"}],"about":[{"href":"https:\/\/diariolajornada.com\/index.php?rest_route=\/wp\/v2\/types\/post"}],"author":[{"embeddable":true,"href":"https:\/\/diariolajornada.com\/index.php?rest_route=\/wp\/v2\/users\/1"}],"replies":[{"embeddable":true,"href":"https:\/\/diariolajornada.com\/index.php?rest_route=%2Fwp%2Fv2%2Fcomments&post=23508"}],"version-history":[{"count":1,"href":"https:\/\/diariolajornada.com\/index.php?rest_route=\/wp\/v2\/posts\/23508\/revisions"}],"predecessor-version":[{"id":23509,"href":"https:\/\/diariolajornada.com\/index.php?rest_route=\/wp\/v2\/posts\/23508\/revisions\/23509"}],"wp:featuredmedia":[{"embeddable":true,"href":"https:\/\/diariolajornada.com\/index.php?rest_route=\/wp\/v2\/media\/23507"}],"wp:attachment":[{"href":"https:\/\/diariolajornada.com\/index.php?rest_route=%2Fwp%2Fv2%2Fmedia&parent=23508"}],"wp:term":[{"taxonomy":"category","embeddable":true,"href":"https:\/\/diariolajornada.com\/index.php?rest_route=%2Fwp%2Fv2%2Fcategories&post=23508"},{"taxonomy":"post_tag","embeddable":true,"href":"https:\/\/diariolajornada.com\/index.php?rest_route=%2Fwp%2Fv2%2Ftags&post=23508"}],"curies":[{"name":"wp","href":"https:\/\/api.w.org\/{rel}","templated":true}]}}