{"id":23511,"date":"2023-07-25T16:43:28","date_gmt":"2023-07-25T20:43:28","guid":{"rendered":"https:\/\/diariolajornada.com\/?p=23511"},"modified":"2023-07-25T16:45:36","modified_gmt":"2023-07-25T20:45:36","slug":"en-monagas-plan-quirurgico-nacional-registra-mas-de-9-mil-cirugias","status":"publish","type":"post","link":"https:\/\/diariolajornada.com\/?p=23511","title":{"rendered":"Plan Quir\u00fargico Nacional registra m\u00e1s de 9 mil cirug\u00edas en Monagas"},"content":{"rendered":"\n<p><strong>@diariojornada<\/strong><\/p>\n\n\n\n<p><strong>Diario La Jornada. \u2013 <\/strong>Durante el mes de enero hasta julio 2023, en Monagas, se han practicado un total de 9 mil 820 cirug\u00edas a trav\u00e9s del Plan Quir\u00fargico Nacional, como parte de las acciones del Gobierno nacional para garantizar la atenci\u00f3n en el sistema p\u00fablico de salud.<\/p>\n\n\n\n<p>En un balance ofrecido por la Dra. Yerika Alzolay, autoridad \u00fanica de salud en Monagas, este a\u00f1o 2023 super\u00f3 las cirug\u00edas en comparaci\u00f3n con el a\u00f1o pasado, gracias al trabajo en conjunto con el Ministerio de Salud, gobernaci\u00f3n, alcald\u00edas, y la Fuerza Armada Nacional (FANB), logrando as\u00ed disminuir la deuda quir\u00fargica en la entidad oriental.<\/p>\n\n\n\n<p>\u201cEstamos trabajando arduamente para seguir avanzando en las jornadas quir\u00fargicas ya que hemos atendido en lo que va de a\u00f1o 2023, un total de 9 mil 820 cirug\u00edas, las cuales se dividen en 3 mil 129 por el plan quir\u00fargico, 2 mil 316 por cirug\u00edas de emergencias, y 4 mil 375 por cirug\u00edas electivas\u201d, inform\u00f3 Alzolay.<\/p>\n\n\n\n<p><strong>Jornadas quir\u00fargicas gratuitas <\/strong><\/p>\n\n\n\n<p>Destac\u00f3 que en las jornadas realizadas en los centros asistenciales p\u00fablicos, los pacientes son intervenidos gratuitamente y se les dota de los insumos necesarios para la operaci\u00f3n.<\/p>\n\n\n\n<p>Alzolay adem\u00e1s inform\u00f3 que, en Monagas, y en especial en el hospital N\u00fa\u00f1ez Tovar, se realizan cirug\u00edas complejas, garantizando de manera gratuita el tratamiento, los ex\u00e1menes y el procedimiento en general, y tambi\u00e9n la colocaci\u00f3n de marcapasos, que hasta la fecha van 50 entregados. &nbsp;<\/p>\n\n\n\n<p><strong>Cirug\u00edas de alta, mediana y baja complejidad<\/strong><\/p>\n\n\n\n<p>Destac\u00f3 que realizaron cirug\u00edas de alta, mediana y baja complejidad como histerectom\u00eda abiertas parcial y total, colecistectom\u00eda, lipoma,y hernioplastia.<\/p>\n\n\n\n<p>Adem\u00e1s de laparosc\u00f3pica, defecto de pared abdominal, esterilizaci\u00f3n, lipoma, mastectom\u00eda oncol\u00f3gica y no oncol\u00f3gica, eventraci\u00f3n, cura de prolapso y ooforectom\u00eda, extirpaciones de tumores de partes blandas, lunares y verrugas, colecistectom\u00edas, varicoceles, oftalmol\u00f3gicas, entre otros.<\/p>\n\n\n\n<p>\u201cNuestros pacientes no s\u00f3lo pertenecen a Monagas, sino tambi\u00e9n a los estados Sucre, Gu\u00e1rico, Amazonas, Delta Amacuro, Bol\u00edvar y Sucre\u201d, puntualiz\u00f3.<\/p>\n\n\n\n<p><strong>480 equipos de alta gama son incorporados <\/strong><\/p>\n\n\n\n<p>\u201c480 equipos e implementos m\u00e9dicos de alta gama se recibieron en el Hospital Central de Matur\u00edn\u201d, dijo la autoridad \u00fanica de salud.<\/p>\n\n\n\n<p>Destac\u00f3 que entre los modernos equipos m\u00e9dicos incorporados a la Mega Emergencia del N\u00fa\u00f1ez Tovar, est\u00e1n electrocardi\u00f3grafo, negatoscopio, laringoscopios para adultos, monitores de signos vitales, carros de emergencia de paro, desfibriladores, aspiradoras de Glera y ventiladores mec\u00e1nicos.<\/p>\n\n\n\n<p>Comunic\u00f3 que este n\u00facleo de salud cuenta con la atenci\u00f3n en 26 especializaciones m\u00e9dicas con nueve galenos por cada guardia, as\u00ed como un personal fijo de enfermer\u00eda conformado por 130 profesionales y todos los m\u00e9dicos de postgrados.<\/p>\n\n\n\n<p><strong>Con informaci\u00f3n de \u00daN<\/strong><\/p>\n","protected":false},"excerpt":{"rendered":"<p>@diariojornada Diario La Jornada. \u2013 Durante el mes de enero hasta julio 2023, en Monagas, se han practicado un total de 9 mil 820 cirug\u00edas a trav\u00e9s del Plan Quir\u00fargico Nacional, como parte de las acciones del Gobierno nacional para garantizar la atenci\u00f3n en el sistema p\u00fablico de salud. En un balance ofrecido por la [&hellip;]<\/p>\n","protected":false},"author":1,"featured_media":23510,"comment_status":"open","ping_status":"open","sticky":false,"template":"","format":"standard","meta":{"footnotes":""},"categories":[9],"tags":[],"class_list":["post-23511","post","type-post","status-publish","format-standard","has-post-thumbnail","hentry","category-regionales"],"yoast_head":"<!-- This site is optimized with the Yoast SEO plugin v24.4 - https:\/\/yoast.com\/wordpress\/plugins\/seo\/ -->\n<title>Plan Quir\u00fargico Nacional registra m\u00e1s de 9 mil cirug\u00edas en Monagas - Diario La Jornada<\/title>\n<meta name=\"robots\" content=\"index, follow, max-snippet:-1, max-image-preview:large, max-video-preview:-1\" \/>\n<link rel=\"canonical\" href=\"https:\/\/diariolajornada.com\/?p=23511\" \/>\n<meta property=\"og:locale\" content=\"es_ES\" \/>\n<meta property=\"og:type\" content=\"article\" \/>\n<meta property=\"og:title\" content=\"Plan Quir\u00fargico Nacional registra m\u00e1s de 9 mil cirug\u00edas en Monagas - Diario La Jornada\" \/>\n<meta property=\"og:description\" content=\"@diariojornada Diario La Jornada. \u2013 Durante el mes de enero hasta julio 2023, en Monagas, se han practicado un total de 9 mil 820 cirug\u00edas a trav\u00e9s del Plan Quir\u00fargico Nacional, como parte de las acciones del Gobierno nacional para garantizar la atenci\u00f3n en el sistema p\u00fablico de salud. En un balance ofrecido por la [&hellip;]\" \/>\n<meta property=\"og:url\" content=\"https:\/\/diariolajornada.com\/?p=23511\" \/>\n<meta property=\"og:site_name\" content=\"Diario La Jornada\" \/>\n<meta property=\"article:publisher\" content=\"https:\/\/es-la.facebook.com\/lajornadadeguarico\/\" \/>\n<meta property=\"article:published_time\" content=\"2023-07-25T20:43:28+00:00\" \/>\n<meta property=\"article:modified_time\" content=\"2023-07-25T20:45:36+00:00\" \/>\n<meta property=\"og:image\" content=\"https:\/\/diariolajornada.com\/wp-content\/uploads\/2023\/07\/img_5630.jpg\" \/>\n\t<meta property=\"og:image:width\" content=\"768\" \/>\n\t<meta property=\"og:image:height\" content=\"513\" \/>\n\t<meta property=\"og:image:type\" content=\"image\/jpeg\" \/>\n<meta name=\"author\" content=\"admin\" \/>\n<meta name=\"twitter:card\" content=\"summary_large_image\" \/>\n<meta name=\"twitter:label1\" content=\"Escrito por\" \/>\n\t<meta name=\"twitter:data1\" content=\"admin\" \/>\n\t<meta name=\"twitter:label2\" content=\"Tiempo de lectura\" \/>\n\t<meta name=\"twitter:data2\" content=\"2 minutos\" \/>\n<script type=\"application\/ld+json\" class=\"yoast-schema-graph\">{\"@context\":\"https:\/\/schema.org\",\"@graph\":[{\"@type\":\"Article\",\"@id\":\"https:\/\/diariolajornada.com\/?p=23511#article\",\"isPartOf\":{\"@id\":\"https:\/\/diariolajornada.com\/?p=23511\"},\"author\":{\"name\":\"admin\",\"@id\":\"https:\/\/diariolajornada.com\/#\/schema\/person\/83fc9ad02376abb532ce4553a399186b\"},\"headline\":\"Plan Quir\u00fargico Nacional registra m\u00e1s de 9 mil cirug\u00edas en Monagas\",\"datePublished\":\"2023-07-25T20:43:28+00:00\",\"dateModified\":\"2023-07-25T20:45:36+00:00\",\"mainEntityOfPage\":{\"@id\":\"https:\/\/diariolajornada.com\/?p=23511\"},\"wordCount\":476,\"commentCount\":0,\"publisher\":{\"@id\":\"https:\/\/diariolajornada.com\/#organization\"},\"image\":{\"@id\":\"https:\/\/diariolajornada.com\/?p=23511#primaryimage\"},\"thumbnailUrl\":\"https:\/\/diariolajornada.com\/wp-content\/uploads\/2023\/07\/img_5630.jpg\",\"articleSection\":[\"Regionales\"],\"inLanguage\":\"es\",\"potentialAction\":[{\"@type\":\"CommentAction\",\"name\":\"Comment\",\"target\":[\"https:\/\/diariolajornada.com\/?p=23511#respond\"]}]},{\"@type\":\"WebPage\",\"@id\":\"https:\/\/diariolajornada.com\/?p=23511\",\"url\":\"https:\/\/diariolajornada.com\/?p=23511\",\"name\":\"Plan Quir\u00fargico Nacional registra m\u00e1s de 9 mil cirug\u00edas en Monagas - Diario La Jornada\",\"isPartOf\":{\"@id\":\"https:\/\/diariolajornada.com\/#website\"},\"primaryImageOfPage\":{\"@id\":\"https:\/\/diariolajornada.com\/?p=23511#primaryimage\"},\"image\":{\"@id\":\"https:\/\/diariolajornada.com\/?p=23511#primaryimage\"},\"thumbnailUrl\":\"https:\/\/diariolajornada.com\/wp-content\/uploads\/2023\/07\/img_5630.jpg\",\"datePublished\":\"2023-07-25T20:43:28+00:00\",\"dateModified\":\"2023-07-25T20:45:36+00:00\",\"breadcrumb\":{\"@id\":\"https:\/\/diariolajornada.com\/?p=23511#breadcrumb\"},\"inLanguage\":\"es\",\"potentialAction\":[{\"@type\":\"ReadAction\",\"target\":[\"https:\/\/diariolajornada.com\/?p=23511\"]}]},{\"@type\":\"ImageObject\",\"inLanguage\":\"es\",\"@id\":\"https:\/\/diariolajornada.com\/?p=23511#primaryimage\",\"url\":\"https:\/\/diariolajornada.com\/wp-content\/uploads\/2023\/07\/img_5630.jpg\",\"contentUrl\":\"https:\/\/diariolajornada.com\/wp-content\/uploads\/2023\/07\/img_5630.jpg\",\"width\":768,\"height\":513},{\"@type\":\"BreadcrumbList\",\"@id\":\"https:\/\/diariolajornada.com\/?p=23511#breadcrumb\",\"itemListElement\":[{\"@type\":\"ListItem\",\"position\":1,\"name\":\"Portada\",\"item\":\"https:\/\/diariolajornada.com\/\"},{\"@type\":\"ListItem\",\"position\":2,\"name\":\"Plan Quir\u00fargico Nacional registra m\u00e1s de 9 mil cirug\u00edas en Monagas\"}]},{\"@type\":\"WebSite\",\"@id\":\"https:\/\/diariolajornada.com\/#website\",\"url\":\"https:\/\/diariolajornada.com\/\",\"name\":\"Diario La Jornada\",\"description\":\"Noticias Nacionales Regionales e Internacionales\",\"publisher\":{\"@id\":\"https:\/\/diariolajornada.com\/#organization\"},\"potentialAction\":[{\"@type\":\"SearchAction\",\"target\":{\"@type\":\"EntryPoint\",\"urlTemplate\":\"https:\/\/diariolajornada.com\/?s={search_term_string}\"},\"query-input\":{\"@type\":\"PropertyValueSpecification\",\"valueRequired\":true,\"valueName\":\"search_term_string\"}}],\"inLanguage\":\"es\"},{\"@type\":\"Organization\",\"@id\":\"https:\/\/diariolajornada.com\/#organization\",\"name\":\"Diario La Jornada\",\"url\":\"https:\/\/diariolajornada.com\/\",\"logo\":{\"@type\":\"ImageObject\",\"inLanguage\":\"es\",\"@id\":\"https:\/\/diariolajornada.com\/#\/schema\/logo\/image\/\",\"url\":\"https:\/\/diariolajornada.com\/wp-content\/uploads\/2021\/06\/LOGO-JORNADA-SVG-01-02.svg\",\"contentUrl\":\"https:\/\/diariolajornada.com\/wp-content\/uploads\/2021\/06\/LOGO-JORNADA-SVG-01-02.svg\",\"width\":350,\"height\":100,\"caption\":\"Diario La Jornada\"},\"image\":{\"@id\":\"https:\/\/diariolajornada.com\/#\/schema\/logo\/image\/\"},\"sameAs\":[\"https:\/\/es-la.facebook.com\/lajornadadeguarico\/\",\"https:\/\/www.instagram.com\/diariojornada\/?hl=es\"]},{\"@type\":\"Person\",\"@id\":\"https:\/\/diariolajornada.com\/#\/schema\/person\/83fc9ad02376abb532ce4553a399186b\",\"name\":\"admin\",\"image\":{\"@type\":\"ImageObject\",\"inLanguage\":\"es\",\"@id\":\"https:\/\/diariolajornada.com\/#\/schema\/person\/image\/\",\"url\":\"https:\/\/secure.gravatar.com\/avatar\/fdcecb87f300ccb988450328a61211f10a01c8bfedfca54e932145534024045b?s=96&d=mm&r=g\",\"contentUrl\":\"https:\/\/secure.gravatar.com\/avatar\/fdcecb87f300ccb988450328a61211f10a01c8bfedfca54e932145534024045b?s=96&d=mm&r=g\",\"caption\":\"admin\"},\"sameAs\":[\"https:\/\/diariolajornada.com\"],\"url\":\"https:\/\/diariolajornada.com\/?author=1\"}]}<\/script>\n<!-- \/ Yoast SEO plugin. -->","yoast_head_json":{"title":"Plan Quir\u00fargico Nacional registra m\u00e1s de 9 mil cirug\u00edas en Monagas - Diario La Jornada","robots":{"index":"index","follow":"follow","max-snippet":"max-snippet:-1","max-image-preview":"max-image-preview:large","max-video-preview":"max-video-preview:-1"},"canonical":"https:\/\/diariolajornada.com\/?p=23511","og_locale":"es_ES","og_type":"article","og_title":"Plan Quir\u00fargico Nacional registra m\u00e1s de 9 mil cirug\u00edas en Monagas - Diario La Jornada","og_description":"@diariojornada Diario La Jornada. \u2013 Durante el mes de enero hasta julio 2023, en Monagas, se han practicado un total de 9 mil 820 cirug\u00edas a trav\u00e9s del Plan Quir\u00fargico Nacional, como parte de las acciones del Gobierno nacional para garantizar la atenci\u00f3n en el sistema p\u00fablico de salud. En un balance ofrecido por la [&hellip;]","og_url":"https:\/\/diariolajornada.com\/?p=23511","og_site_name":"Diario La Jornada","article_publisher":"https:\/\/es-la.facebook.com\/lajornadadeguarico\/","article_published_time":"2023-07-25T20:43:28+00:00","article_modified_time":"2023-07-25T20:45:36+00:00","og_image":[{"width":768,"height":513,"url":"https:\/\/diariolajornada.com\/wp-content\/uploads\/2023\/07\/img_5630.jpg","type":"image\/jpeg"}],"author":"admin","twitter_card":"summary_large_image","twitter_misc":{"Escrito por":"admin","Tiempo de lectura":"2 minutos"},"schema":{"@context":"https:\/\/schema.org","@graph":[{"@type":"Article","@id":"https:\/\/diariolajornada.com\/?p=23511#article","isPartOf":{"@id":"https:\/\/diariolajornada.com\/?p=23511"},"author":{"name":"admin","@id":"https:\/\/diariolajornada.com\/#\/schema\/person\/83fc9ad02376abb532ce4553a399186b"},"headline":"Plan Quir\u00fargico Nacional registra m\u00e1s de 9 mil cirug\u00edas en Monagas","datePublished":"2023-07-25T20:43:28+00:00","dateModified":"2023-07-25T20:45:36+00:00","mainEntityOfPage":{"@id":"https:\/\/diariolajornada.com\/?p=23511"},"wordCount":476,"commentCount":0,"publisher":{"@id":"https:\/\/diariolajornada.com\/#organization"},"image":{"@id":"https:\/\/diariolajornada.com\/?p=23511#primaryimage"},"thumbnailUrl":"https:\/\/diariolajornada.com\/wp-content\/uploads\/2023\/07\/img_5630.jpg","articleSection":["Regionales"],"inLanguage":"es","potentialAction":[{"@type":"CommentAction","name":"Comment","target":["https:\/\/diariolajornada.com\/?p=23511#respond"]}]},{"@type":"WebPage","@id":"https:\/\/diariolajornada.com\/?p=23511","url":"https:\/\/diariolajornada.com\/?p=23511","name":"Plan Quir\u00fargico Nacional registra m\u00e1s de 9 mil cirug\u00edas en Monagas - Diario La Jornada","isPartOf":{"@id":"https:\/\/diariolajornada.com\/#website"},"primaryImageOfPage":{"@id":"https:\/\/diariolajornada.com\/?p=23511#primaryimage"},"image":{"@id":"https:\/\/diariolajornada.com\/?p=23511#primaryimage"},"thumbnailUrl":"https:\/\/diariolajornada.com\/wp-content\/uploads\/2023\/07\/img_5630.jpg","datePublished":"2023-07-25T20:43:28+00:00","dateModified":"2023-07-25T20:45:36+00:00","breadcrumb":{"@id":"https:\/\/diariolajornada.com\/?p=23511#breadcrumb"},"inLanguage":"es","potentialAction":[{"@type":"ReadAction","target":["https:\/\/diariolajornada.com\/?p=23511"]}]},{"@type":"ImageObject","inLanguage":"es","@id":"https:\/\/diariolajornada.com\/?p=23511#primaryimage","url":"https:\/\/diariolajornada.com\/wp-content\/uploads\/2023\/07\/img_5630.jpg","contentUrl":"https:\/\/diariolajornada.com\/wp-content\/uploads\/2023\/07\/img_5630.jpg","width":768,"height":513},{"@type":"BreadcrumbList","@id":"https:\/\/diariolajornada.com\/?p=23511#breadcrumb","itemListElement":[{"@type":"ListItem","position":1,"name":"Portada","item":"https:\/\/diariolajornada.com\/"},{"@type":"ListItem","position":2,"name":"Plan Quir\u00fargico Nacional registra m\u00e1s de 9 mil cirug\u00edas en Monagas"}]},{"@type":"WebSite","@id":"https:\/\/diariolajornada.com\/#website","url":"https:\/\/diariolajornada.com\/","name":"Diario La Jornada","description":"Noticias Nacionales Regionales e Internacionales","publisher":{"@id":"https:\/\/diariolajornada.com\/#organization"},"potentialAction":[{"@type":"SearchAction","target":{"@type":"EntryPoint","urlTemplate":"https:\/\/diariolajornada.com\/?s={search_term_string}"},"query-input":{"@type":"PropertyValueSpecification","valueRequired":true,"valueName":"search_term_string"}}],"inLanguage":"es"},{"@type":"Organization","@id":"https:\/\/diariolajornada.com\/#organization","name":"Diario La Jornada","url":"https:\/\/diariolajornada.com\/","logo":{"@type":"ImageObject","inLanguage":"es","@id":"https:\/\/diariolajornada.com\/#\/schema\/logo\/image\/","url":"https:\/\/diariolajornada.com\/wp-content\/uploads\/2021\/06\/LOGO-JORNADA-SVG-01-02.svg","contentUrl":"https:\/\/diariolajornada.com\/wp-content\/uploads\/2021\/06\/LOGO-JORNADA-SVG-01-02.svg","width":350,"height":100,"caption":"Diario La Jornada"},"image":{"@id":"https:\/\/diariolajornada.com\/#\/schema\/logo\/image\/"},"sameAs":["https:\/\/es-la.facebook.com\/lajornadadeguarico\/","https:\/\/www.instagram.com\/diariojornada\/?hl=es"]},{"@type":"Person","@id":"https:\/\/diariolajornada.com\/#\/schema\/person\/83fc9ad02376abb532ce4553a399186b","name":"admin","image":{"@type":"ImageObject","inLanguage":"es","@id":"https:\/\/diariolajornada.com\/#\/schema\/person\/image\/","url":"https:\/\/secure.gravatar.com\/avatar\/fdcecb87f300ccb988450328a61211f10a01c8bfedfca54e932145534024045b?s=96&d=mm&r=g","contentUrl":"https:\/\/secure.gravatar.com\/avatar\/fdcecb87f300ccb988450328a61211f10a01c8bfedfca54e932145534024045b?s=96&d=mm&r=g","caption":"admin"},"sameAs":["https:\/\/diariolajornada.com"],"url":"https:\/\/diariolajornada.com\/?author=1"}]}},"_links":{"self":[{"href":"https:\/\/diariolajornada.com\/index.php?rest_route=\/wp\/v2\/posts\/23511","targetHints":{"allow":["GET"]}}],"collection":[{"href":"https:\/\/diariolajornada.com\/index.php?rest_route=\/wp\/v2\/posts"}],"about":[{"href":"https:\/\/diariolajornada.com\/index.php?rest_route=\/wp\/v2\/types\/post"}],"author":[{"embeddable":true,"href":"https:\/\/diariolajornada.com\/index.php?rest_route=\/wp\/v2\/users\/1"}],"replies":[{"embeddable":true,"href":"https:\/\/diariolajornada.com\/index.php?rest_route=%2Fwp%2Fv2%2Fcomments&post=23511"}],"version-history":[{"count":2,"href":"https:\/\/diariolajornada.com\/index.php?rest_route=\/wp\/v2\/posts\/23511\/revisions"}],"predecessor-version":[{"id":23513,"href":"https:\/\/diariolajornada.com\/index.php?rest_route=\/wp\/v2\/posts\/23511\/revisions\/23513"}],"wp:featuredmedia":[{"embeddable":true,"href":"https:\/\/diariolajornada.com\/index.php?rest_route=\/wp\/v2\/media\/23510"}],"wp:attachment":[{"href":"https:\/\/diariolajornada.com\/index.php?rest_route=%2Fwp%2Fv2%2Fmedia&parent=23511"}],"wp:term":[{"taxonomy":"category","embeddable":true,"href":"https:\/\/diariolajornada.com\/index.php?rest_route=%2Fwp%2Fv2%2Fcategories&post=23511"},{"taxonomy":"post_tag","embeddable":true,"href":"https:\/\/diariolajornada.com\/index.php?rest_route=%2Fwp%2Fv2%2Ftags&post=23511"}],"curies":[{"name":"wp","href":"https:\/\/api.w.org\/{rel}","templated":true}]}}