{"id":23515,"date":"2023-07-25T18:35:20","date_gmt":"2023-07-25T22:35:20","guid":{"rendered":"https:\/\/diariolajornada.com\/?p=23515"},"modified":"2023-07-25T18:35:30","modified_gmt":"2023-07-25T22:35:30","slug":"productores-del-estado-bolivar-reciben-titulos-de-propiedad","status":"publish","type":"post","link":"https:\/\/diariolajornada.com\/?p=23515","title":{"rendered":"Productores del estado Bol\u00edvar reciben t\u00edtulos de propiedad"},"content":{"rendered":"\n<p><strong>@diariojornada<\/strong><\/p>\n\n\n\n<p><strong>Diario La Jornada. \u2013 <\/strong>23 productores conuqueros del sector El Manteco, municipio Piar del estado Bol\u00edvar, recibieron instrumentos agrarios, con el fin de producir alimentos en m\u00e1s de 2.046 hect\u00e1reas de tierra.<\/p>\n\n\n\n<p>En ese sentido, la directora estatal del&nbsp;ministerio de Agricultura Urbana, Mariana Rodr\u00edguez, asegur\u00f3 que estos productores fueron atendidos por personal t\u00e9cnico, a trav\u00e9s de charlas de inducci\u00f3n y contrataci\u00f3n durante el&nbsp;Comit\u00e9 Nacional de Tierras, realizadas en conjunto con el Instituto Nacional de Tierras (INTI) y la Alcald\u00eda del municipio Piar.<\/p>\n\n\n\n<p>Adem\u00e1s, resalt\u00f3 la labor de la&nbsp;Mujer Conuquera&nbsp;en la regi\u00f3n, que durante a\u00f1os fueron invisibilizadas y ahora la consigna de Ezequiel Zamora puede decir \u201cTierras, Hombres y Mujeres Libres\u201d.<\/p>\n\n\n\n<p>Rodr\u00edguez, indic\u00f3 que trabajan para incluir a las mujeres en el programa \u201cMujeres Conuqueras\u201d, que impulsa el ministerio a trav\u00e9s del&nbsp;Plan Agrourbano Carabobo 200, en todo el pa\u00eds y cuyo prop\u00f3sito es fortalecer la labor de las mujeres productoras a trav\u00e9s de capacitaciones, acompa\u00f1amiento t\u00e9cnico y financiamiento.<\/p>\n\n\n\n<p><strong>Con informaci\u00f3n de VTV<\/strong><\/p>\n","protected":false},"excerpt":{"rendered":"<p>@diariojornada Diario La Jornada. \u2013 23 productores conuqueros del sector El Manteco, municipio Piar del estado Bol\u00edvar, recibieron instrumentos agrarios, con el fin de producir alimentos en m\u00e1s de 2.046 hect\u00e1reas de tierra. En ese sentido, la directora estatal del&nbsp;ministerio de Agricultura Urbana, Mariana Rodr\u00edguez, asegur\u00f3 que estos productores fueron atendidos por personal t\u00e9cnico, a [&hellip;]<\/p>\n","protected":false},"author":1,"featured_media":23514,"comment_status":"open","ping_status":"open","sticky":false,"template":"","format":"standard","meta":{"footnotes":""},"categories":[9],"tags":[],"class_list":["post-23515","post","type-post","status-publish","format-standard","has-post-thumbnail","hentry","category-regionales"],"yoast_head":"<!-- This site is optimized with the Yoast SEO plugin v24.4 - https:\/\/yoast.com\/wordpress\/plugins\/seo\/ -->\n<title>Productores del estado Bol\u00edvar reciben t\u00edtulos de propiedad - Diario La Jornada<\/title>\n<meta name=\"robots\" content=\"index, follow, max-snippet:-1, max-image-preview:large, max-video-preview:-1\" \/>\n<link rel=\"canonical\" href=\"https:\/\/diariolajornada.com\/?p=23515\" \/>\n<meta property=\"og:locale\" content=\"es_ES\" \/>\n<meta property=\"og:type\" content=\"article\" \/>\n<meta property=\"og:title\" content=\"Productores del estado Bol\u00edvar reciben t\u00edtulos de propiedad - Diario La Jornada\" \/>\n<meta property=\"og:description\" content=\"@diariojornada Diario La Jornada. \u2013 23 productores conuqueros del sector El Manteco, municipio Piar del estado Bol\u00edvar, recibieron instrumentos agrarios, con el fin de producir alimentos en m\u00e1s de 2.046 hect\u00e1reas de tierra. En ese sentido, la directora estatal del&nbsp;ministerio de Agricultura Urbana, Mariana Rodr\u00edguez, asegur\u00f3 que estos productores fueron atendidos por personal t\u00e9cnico, a [&hellip;]\" \/>\n<meta property=\"og:url\" content=\"https:\/\/diariolajornada.com\/?p=23515\" \/>\n<meta property=\"og:site_name\" content=\"Diario La Jornada\" \/>\n<meta property=\"article:publisher\" content=\"https:\/\/es-la.facebook.com\/lajornadadeguarico\/\" \/>\n<meta property=\"article:published_time\" content=\"2023-07-25T22:35:20+00:00\" \/>\n<meta property=\"article:modified_time\" content=\"2023-07-25T22:35:30+00:00\" \/>\n<meta property=\"og:image\" content=\"https:\/\/diariolajornada.com\/wp-content\/uploads\/2023\/07\/img_5652.jpg\" \/>\n\t<meta property=\"og:image:width\" content=\"526\" \/>\n\t<meta property=\"og:image:height\" content=\"334\" \/>\n\t<meta property=\"og:image:type\" content=\"image\/jpeg\" \/>\n<meta name=\"author\" content=\"admin\" \/>\n<meta name=\"twitter:card\" content=\"summary_large_image\" \/>\n<meta name=\"twitter:label1\" content=\"Escrito por\" \/>\n\t<meta name=\"twitter:data1\" content=\"admin\" \/>\n\t<meta name=\"twitter:label2\" content=\"Tiempo de lectura\" \/>\n\t<meta name=\"twitter:data2\" content=\"1 minuto\" \/>\n<script type=\"application\/ld+json\" class=\"yoast-schema-graph\">{\"@context\":\"https:\/\/schema.org\",\"@graph\":[{\"@type\":\"Article\",\"@id\":\"https:\/\/diariolajornada.com\/?p=23515#article\",\"isPartOf\":{\"@id\":\"https:\/\/diariolajornada.com\/?p=23515\"},\"author\":{\"name\":\"admin\",\"@id\":\"https:\/\/diariolajornada.com\/#\/schema\/person\/83fc9ad02376abb532ce4553a399186b\"},\"headline\":\"Productores del estado Bol\u00edvar reciben t\u00edtulos de propiedad\",\"datePublished\":\"2023-07-25T22:35:20+00:00\",\"dateModified\":\"2023-07-25T22:35:30+00:00\",\"mainEntityOfPage\":{\"@id\":\"https:\/\/diariolajornada.com\/?p=23515\"},\"wordCount\":198,\"commentCount\":0,\"publisher\":{\"@id\":\"https:\/\/diariolajornada.com\/#organization\"},\"image\":{\"@id\":\"https:\/\/diariolajornada.com\/?p=23515#primaryimage\"},\"thumbnailUrl\":\"https:\/\/diariolajornada.com\/wp-content\/uploads\/2023\/07\/img_5652.jpg\",\"articleSection\":[\"Regionales\"],\"inLanguage\":\"es\",\"potentialAction\":[{\"@type\":\"CommentAction\",\"name\":\"Comment\",\"target\":[\"https:\/\/diariolajornada.com\/?p=23515#respond\"]}]},{\"@type\":\"WebPage\",\"@id\":\"https:\/\/diariolajornada.com\/?p=23515\",\"url\":\"https:\/\/diariolajornada.com\/?p=23515\",\"name\":\"Productores del estado Bol\u00edvar reciben t\u00edtulos de propiedad - Diario La Jornada\",\"isPartOf\":{\"@id\":\"https:\/\/diariolajornada.com\/#website\"},\"primaryImageOfPage\":{\"@id\":\"https:\/\/diariolajornada.com\/?p=23515#primaryimage\"},\"image\":{\"@id\":\"https:\/\/diariolajornada.com\/?p=23515#primaryimage\"},\"thumbnailUrl\":\"https:\/\/diariolajornada.com\/wp-content\/uploads\/2023\/07\/img_5652.jpg\",\"datePublished\":\"2023-07-25T22:35:20+00:00\",\"dateModified\":\"2023-07-25T22:35:30+00:00\",\"breadcrumb\":{\"@id\":\"https:\/\/diariolajornada.com\/?p=23515#breadcrumb\"},\"inLanguage\":\"es\",\"potentialAction\":[{\"@type\":\"ReadAction\",\"target\":[\"https:\/\/diariolajornada.com\/?p=23515\"]}]},{\"@type\":\"ImageObject\",\"inLanguage\":\"es\",\"@id\":\"https:\/\/diariolajornada.com\/?p=23515#primaryimage\",\"url\":\"https:\/\/diariolajornada.com\/wp-content\/uploads\/2023\/07\/img_5652.jpg\",\"contentUrl\":\"https:\/\/diariolajornada.com\/wp-content\/uploads\/2023\/07\/img_5652.jpg\",\"width\":526,\"height\":334},{\"@type\":\"BreadcrumbList\",\"@id\":\"https:\/\/diariolajornada.com\/?p=23515#breadcrumb\",\"itemListElement\":[{\"@type\":\"ListItem\",\"position\":1,\"name\":\"Portada\",\"item\":\"https:\/\/diariolajornada.com\/\"},{\"@type\":\"ListItem\",\"position\":2,\"name\":\"Productores del estado Bol\u00edvar reciben t\u00edtulos de propiedad\"}]},{\"@type\":\"WebSite\",\"@id\":\"https:\/\/diariolajornada.com\/#website\",\"url\":\"https:\/\/diariolajornada.com\/\",\"name\":\"Diario La Jornada\",\"description\":\"Noticias Nacionales Regionales e Internacionales\",\"publisher\":{\"@id\":\"https:\/\/diariolajornada.com\/#organization\"},\"potentialAction\":[{\"@type\":\"SearchAction\",\"target\":{\"@type\":\"EntryPoint\",\"urlTemplate\":\"https:\/\/diariolajornada.com\/?s={search_term_string}\"},\"query-input\":{\"@type\":\"PropertyValueSpecification\",\"valueRequired\":true,\"valueName\":\"search_term_string\"}}],\"inLanguage\":\"es\"},{\"@type\":\"Organization\",\"@id\":\"https:\/\/diariolajornada.com\/#organization\",\"name\":\"Diario La Jornada\",\"url\":\"https:\/\/diariolajornada.com\/\",\"logo\":{\"@type\":\"ImageObject\",\"inLanguage\":\"es\",\"@id\":\"https:\/\/diariolajornada.com\/#\/schema\/logo\/image\/\",\"url\":\"https:\/\/diariolajornada.com\/wp-content\/uploads\/2021\/06\/LOGO-JORNADA-SVG-01-02.svg\",\"contentUrl\":\"https:\/\/diariolajornada.com\/wp-content\/uploads\/2021\/06\/LOGO-JORNADA-SVG-01-02.svg\",\"width\":350,\"height\":100,\"caption\":\"Diario La Jornada\"},\"image\":{\"@id\":\"https:\/\/diariolajornada.com\/#\/schema\/logo\/image\/\"},\"sameAs\":[\"https:\/\/es-la.facebook.com\/lajornadadeguarico\/\",\"https:\/\/www.instagram.com\/diariojornada\/?hl=es\"]},{\"@type\":\"Person\",\"@id\":\"https:\/\/diariolajornada.com\/#\/schema\/person\/83fc9ad02376abb532ce4553a399186b\",\"name\":\"admin\",\"image\":{\"@type\":\"ImageObject\",\"inLanguage\":\"es\",\"@id\":\"https:\/\/diariolajornada.com\/#\/schema\/person\/image\/\",\"url\":\"https:\/\/secure.gravatar.com\/avatar\/fdcecb87f300ccb988450328a61211f10a01c8bfedfca54e932145534024045b?s=96&d=mm&r=g\",\"contentUrl\":\"https:\/\/secure.gravatar.com\/avatar\/fdcecb87f300ccb988450328a61211f10a01c8bfedfca54e932145534024045b?s=96&d=mm&r=g\",\"caption\":\"admin\"},\"sameAs\":[\"https:\/\/diariolajornada.com\"],\"url\":\"https:\/\/diariolajornada.com\/?author=1\"}]}<\/script>\n<!-- \/ Yoast SEO plugin. -->","yoast_head_json":{"title":"Productores del estado Bol\u00edvar reciben t\u00edtulos de propiedad - Diario La Jornada","robots":{"index":"index","follow":"follow","max-snippet":"max-snippet:-1","max-image-preview":"max-image-preview:large","max-video-preview":"max-video-preview:-1"},"canonical":"https:\/\/diariolajornada.com\/?p=23515","og_locale":"es_ES","og_type":"article","og_title":"Productores del estado Bol\u00edvar reciben t\u00edtulos de propiedad - Diario La Jornada","og_description":"@diariojornada Diario La Jornada. \u2013 23 productores conuqueros del sector El Manteco, municipio Piar del estado Bol\u00edvar, recibieron instrumentos agrarios, con el fin de producir alimentos en m\u00e1s de 2.046 hect\u00e1reas de tierra. En ese sentido, la directora estatal del&nbsp;ministerio de Agricultura Urbana, Mariana Rodr\u00edguez, asegur\u00f3 que estos productores fueron atendidos por personal t\u00e9cnico, a [&hellip;]","og_url":"https:\/\/diariolajornada.com\/?p=23515","og_site_name":"Diario La Jornada","article_publisher":"https:\/\/es-la.facebook.com\/lajornadadeguarico\/","article_published_time":"2023-07-25T22:35:20+00:00","article_modified_time":"2023-07-25T22:35:30+00:00","og_image":[{"width":526,"height":334,"url":"https:\/\/diariolajornada.com\/wp-content\/uploads\/2023\/07\/img_5652.jpg","type":"image\/jpeg"}],"author":"admin","twitter_card":"summary_large_image","twitter_misc":{"Escrito por":"admin","Tiempo de lectura":"1 minuto"},"schema":{"@context":"https:\/\/schema.org","@graph":[{"@type":"Article","@id":"https:\/\/diariolajornada.com\/?p=23515#article","isPartOf":{"@id":"https:\/\/diariolajornada.com\/?p=23515"},"author":{"name":"admin","@id":"https:\/\/diariolajornada.com\/#\/schema\/person\/83fc9ad02376abb532ce4553a399186b"},"headline":"Productores del estado Bol\u00edvar reciben t\u00edtulos de propiedad","datePublished":"2023-07-25T22:35:20+00:00","dateModified":"2023-07-25T22:35:30+00:00","mainEntityOfPage":{"@id":"https:\/\/diariolajornada.com\/?p=23515"},"wordCount":198,"commentCount":0,"publisher":{"@id":"https:\/\/diariolajornada.com\/#organization"},"image":{"@id":"https:\/\/diariolajornada.com\/?p=23515#primaryimage"},"thumbnailUrl":"https:\/\/diariolajornada.com\/wp-content\/uploads\/2023\/07\/img_5652.jpg","articleSection":["Regionales"],"inLanguage":"es","potentialAction":[{"@type":"CommentAction","name":"Comment","target":["https:\/\/diariolajornada.com\/?p=23515#respond"]}]},{"@type":"WebPage","@id":"https:\/\/diariolajornada.com\/?p=23515","url":"https:\/\/diariolajornada.com\/?p=23515","name":"Productores del estado Bol\u00edvar reciben t\u00edtulos de propiedad - Diario La Jornada","isPartOf":{"@id":"https:\/\/diariolajornada.com\/#website"},"primaryImageOfPage":{"@id":"https:\/\/diariolajornada.com\/?p=23515#primaryimage"},"image":{"@id":"https:\/\/diariolajornada.com\/?p=23515#primaryimage"},"thumbnailUrl":"https:\/\/diariolajornada.com\/wp-content\/uploads\/2023\/07\/img_5652.jpg","datePublished":"2023-07-25T22:35:20+00:00","dateModified":"2023-07-25T22:35:30+00:00","breadcrumb":{"@id":"https:\/\/diariolajornada.com\/?p=23515#breadcrumb"},"inLanguage":"es","potentialAction":[{"@type":"ReadAction","target":["https:\/\/diariolajornada.com\/?p=23515"]}]},{"@type":"ImageObject","inLanguage":"es","@id":"https:\/\/diariolajornada.com\/?p=23515#primaryimage","url":"https:\/\/diariolajornada.com\/wp-content\/uploads\/2023\/07\/img_5652.jpg","contentUrl":"https:\/\/diariolajornada.com\/wp-content\/uploads\/2023\/07\/img_5652.jpg","width":526,"height":334},{"@type":"BreadcrumbList","@id":"https:\/\/diariolajornada.com\/?p=23515#breadcrumb","itemListElement":[{"@type":"ListItem","position":1,"name":"Portada","item":"https:\/\/diariolajornada.com\/"},{"@type":"ListItem","position":2,"name":"Productores del estado Bol\u00edvar reciben t\u00edtulos de propiedad"}]},{"@type":"WebSite","@id":"https:\/\/diariolajornada.com\/#website","url":"https:\/\/diariolajornada.com\/","name":"Diario La Jornada","description":"Noticias Nacionales Regionales e Internacionales","publisher":{"@id":"https:\/\/diariolajornada.com\/#organization"},"potentialAction":[{"@type":"SearchAction","target":{"@type":"EntryPoint","urlTemplate":"https:\/\/diariolajornada.com\/?s={search_term_string}"},"query-input":{"@type":"PropertyValueSpecification","valueRequired":true,"valueName":"search_term_string"}}],"inLanguage":"es"},{"@type":"Organization","@id":"https:\/\/diariolajornada.com\/#organization","name":"Diario La Jornada","url":"https:\/\/diariolajornada.com\/","logo":{"@type":"ImageObject","inLanguage":"es","@id":"https:\/\/diariolajornada.com\/#\/schema\/logo\/image\/","url":"https:\/\/diariolajornada.com\/wp-content\/uploads\/2021\/06\/LOGO-JORNADA-SVG-01-02.svg","contentUrl":"https:\/\/diariolajornada.com\/wp-content\/uploads\/2021\/06\/LOGO-JORNADA-SVG-01-02.svg","width":350,"height":100,"caption":"Diario La Jornada"},"image":{"@id":"https:\/\/diariolajornada.com\/#\/schema\/logo\/image\/"},"sameAs":["https:\/\/es-la.facebook.com\/lajornadadeguarico\/","https:\/\/www.instagram.com\/diariojornada\/?hl=es"]},{"@type":"Person","@id":"https:\/\/diariolajornada.com\/#\/schema\/person\/83fc9ad02376abb532ce4553a399186b","name":"admin","image":{"@type":"ImageObject","inLanguage":"es","@id":"https:\/\/diariolajornada.com\/#\/schema\/person\/image\/","url":"https:\/\/secure.gravatar.com\/avatar\/fdcecb87f300ccb988450328a61211f10a01c8bfedfca54e932145534024045b?s=96&d=mm&r=g","contentUrl":"https:\/\/secure.gravatar.com\/avatar\/fdcecb87f300ccb988450328a61211f10a01c8bfedfca54e932145534024045b?s=96&d=mm&r=g","caption":"admin"},"sameAs":["https:\/\/diariolajornada.com"],"url":"https:\/\/diariolajornada.com\/?author=1"}]}},"_links":{"self":[{"href":"https:\/\/diariolajornada.com\/index.php?rest_route=\/wp\/v2\/posts\/23515","targetHints":{"allow":["GET"]}}],"collection":[{"href":"https:\/\/diariolajornada.com\/index.php?rest_route=\/wp\/v2\/posts"}],"about":[{"href":"https:\/\/diariolajornada.com\/index.php?rest_route=\/wp\/v2\/types\/post"}],"author":[{"embeddable":true,"href":"https:\/\/diariolajornada.com\/index.php?rest_route=\/wp\/v2\/users\/1"}],"replies":[{"embeddable":true,"href":"https:\/\/diariolajornada.com\/index.php?rest_route=%2Fwp%2Fv2%2Fcomments&post=23515"}],"version-history":[{"count":1,"href":"https:\/\/diariolajornada.com\/index.php?rest_route=\/wp\/v2\/posts\/23515\/revisions"}],"predecessor-version":[{"id":23516,"href":"https:\/\/diariolajornada.com\/index.php?rest_route=\/wp\/v2\/posts\/23515\/revisions\/23516"}],"wp:featuredmedia":[{"embeddable":true,"href":"https:\/\/diariolajornada.com\/index.php?rest_route=\/wp\/v2\/media\/23514"}],"wp:attachment":[{"href":"https:\/\/diariolajornada.com\/index.php?rest_route=%2Fwp%2Fv2%2Fmedia&parent=23515"}],"wp:term":[{"taxonomy":"category","embeddable":true,"href":"https:\/\/diariolajornada.com\/index.php?rest_route=%2Fwp%2Fv2%2Fcategories&post=23515"},{"taxonomy":"post_tag","embeddable":true,"href":"https:\/\/diariolajornada.com\/index.php?rest_route=%2Fwp%2Fv2%2Ftags&post=23515"}],"curies":[{"name":"wp","href":"https:\/\/api.w.org\/{rel}","templated":true}]}}