{"id":23522,"date":"2023-07-25T20:06:09","date_gmt":"2023-07-26T00:06:09","guid":{"rendered":"https:\/\/diariolajornada.com\/?p=23522"},"modified":"2023-07-25T20:06:16","modified_gmt":"2023-07-26T00:06:16","slug":"impulsan-la-produccion-de-maiz-y-tuberculos-en-bolivar","status":"publish","type":"post","link":"https:\/\/diariolajornada.com\/?p=23522","title":{"rendered":"Impulsan la producci\u00f3n de ma\u00edz y tub\u00e9rculos en Bol\u00edvar"},"content":{"rendered":"\n<p><strong>@diariojornada<\/strong><\/p>\n\n\n\n<p><strong>Diario La Jornada. \u2013<\/strong> A trav\u00e9s del Plan de Siembra Comunal, la gobernaci\u00f3n del estado Bol\u00edvar dio inicio a la entrega de cr\u00e9ditos a peque\u00f1os productores de la entidad  para financiar el cultivo de ma\u00edz y tub\u00e9rculos durante el per\u00edodo de siembra 2023, as\u00ed lo inform\u00f3 el gobernador de esta entidad, \u00c1ngel Marcano, quien detall\u00f3 que los cr\u00e9ditos ser\u00e1n dados a productores de los municipios Cede\u00f1o y Sucre, en la zona occidental de Bol\u00edvar.<\/p>\n\n\n\n<p>Coment\u00f3 que con este financiamiento los beneficiarios podr\u00e1n adquirir semillas, fertilizantes y otros insumos requeridos para la siembra de los&nbsp;rubros&nbsp;que luego ofertar\u00e1n en los mercados locales, con lo&nbsp;que tambi\u00e9n&nbsp;contribuir\u00e1n adem\u00e1s al abastecimiento a menor precio de los alimentos.<\/p>\n\n\n\n<p>El mandatario regional se\u00f1al\u00f3 que es una prioridad impulsar el campo y producir localmente la mayor cantidad posible de los productos alimenticios que actualmente son tra\u00eddos de otras regiones del pa\u00eds, situaci\u00f3n que conlleva un encarecimiento de los mismos debido a los costos relacionados con el combustible y flete.<\/p>\n\n\n\n<p><strong>Con informaci\u00f3n de VTV<\/strong><\/p>\n","protected":false},"excerpt":{"rendered":"<p>@diariojornada Diario La Jornada. \u2013 A trav\u00e9s del Plan de Siembra Comunal, la gobernaci\u00f3n del estado Bol\u00edvar dio inicio a la entrega de cr\u00e9ditos a peque\u00f1os productores de la entidad para financiar el cultivo de ma\u00edz y tub\u00e9rculos durante el per\u00edodo de siembra 2023, as\u00ed lo inform\u00f3 el gobernador de esta entidad, \u00c1ngel Marcano, quien [&hellip;]<\/p>\n","protected":false},"author":1,"featured_media":23521,"comment_status":"open","ping_status":"open","sticky":false,"template":"","format":"standard","meta":{"footnotes":""},"categories":[9],"tags":[],"class_list":["post-23522","post","type-post","status-publish","format-standard","has-post-thumbnail","hentry","category-regionales"],"yoast_head":"<!-- This site is optimized with the Yoast SEO plugin v24.4 - https:\/\/yoast.com\/wordpress\/plugins\/seo\/ -->\n<title>Impulsan la producci\u00f3n de ma\u00edz y tub\u00e9rculos en Bol\u00edvar - Diario La Jornada<\/title>\n<meta name=\"robots\" content=\"index, follow, max-snippet:-1, max-image-preview:large, max-video-preview:-1\" \/>\n<link rel=\"canonical\" href=\"https:\/\/diariolajornada.com\/?p=23522\" \/>\n<meta property=\"og:locale\" content=\"es_ES\" \/>\n<meta property=\"og:type\" content=\"article\" \/>\n<meta property=\"og:title\" content=\"Impulsan la producci\u00f3n de ma\u00edz y tub\u00e9rculos en Bol\u00edvar - Diario La Jornada\" \/>\n<meta property=\"og:description\" content=\"@diariojornada Diario La Jornada. \u2013 A trav\u00e9s del Plan de Siembra Comunal, la gobernaci\u00f3n del estado Bol\u00edvar dio inicio a la entrega de cr\u00e9ditos a peque\u00f1os productores de la entidad para financiar el cultivo de ma\u00edz y tub\u00e9rculos durante el per\u00edodo de siembra 2023, as\u00ed lo inform\u00f3 el gobernador de esta entidad, \u00c1ngel Marcano, quien [&hellip;]\" \/>\n<meta property=\"og:url\" content=\"https:\/\/diariolajornada.com\/?p=23522\" \/>\n<meta property=\"og:site_name\" content=\"Diario La Jornada\" \/>\n<meta property=\"article:publisher\" content=\"https:\/\/es-la.facebook.com\/lajornadadeguarico\/\" \/>\n<meta property=\"article:published_time\" content=\"2023-07-26T00:06:09+00:00\" \/>\n<meta property=\"article:modified_time\" content=\"2023-07-26T00:06:16+00:00\" \/>\n<meta property=\"og:image\" content=\"https:\/\/diariolajornada.com\/wp-content\/uploads\/2023\/07\/img_5654-1.jpg\" \/>\n\t<meta property=\"og:image:width\" content=\"990\" \/>\n\t<meta property=\"og:image:height\" content=\"556\" \/>\n\t<meta property=\"og:image:type\" content=\"image\/jpeg\" \/>\n<meta name=\"author\" content=\"admin\" \/>\n<meta name=\"twitter:card\" content=\"summary_large_image\" \/>\n<meta name=\"twitter:label1\" content=\"Escrito por\" \/>\n\t<meta name=\"twitter:data1\" content=\"admin\" \/>\n\t<meta name=\"twitter:label2\" content=\"Tiempo de lectura\" \/>\n\t<meta name=\"twitter:data2\" content=\"1 minuto\" \/>\n<script type=\"application\/ld+json\" class=\"yoast-schema-graph\">{\"@context\":\"https:\/\/schema.org\",\"@graph\":[{\"@type\":\"Article\",\"@id\":\"https:\/\/diariolajornada.com\/?p=23522#article\",\"isPartOf\":{\"@id\":\"https:\/\/diariolajornada.com\/?p=23522\"},\"author\":{\"name\":\"admin\",\"@id\":\"https:\/\/diariolajornada.com\/#\/schema\/person\/83fc9ad02376abb532ce4553a399186b\"},\"headline\":\"Impulsan la producci\u00f3n de ma\u00edz y tub\u00e9rculos en Bol\u00edvar\",\"datePublished\":\"2023-07-26T00:06:09+00:00\",\"dateModified\":\"2023-07-26T00:06:16+00:00\",\"mainEntityOfPage\":{\"@id\":\"https:\/\/diariolajornada.com\/?p=23522\"},\"wordCount\":207,\"commentCount\":0,\"publisher\":{\"@id\":\"https:\/\/diariolajornada.com\/#organization\"},\"image\":{\"@id\":\"https:\/\/diariolajornada.com\/?p=23522#primaryimage\"},\"thumbnailUrl\":\"https:\/\/diariolajornada.com\/wp-content\/uploads\/2023\/07\/img_5654-1.jpg\",\"articleSection\":[\"Regionales\"],\"inLanguage\":\"es\",\"potentialAction\":[{\"@type\":\"CommentAction\",\"name\":\"Comment\",\"target\":[\"https:\/\/diariolajornada.com\/?p=23522#respond\"]}]},{\"@type\":\"WebPage\",\"@id\":\"https:\/\/diariolajornada.com\/?p=23522\",\"url\":\"https:\/\/diariolajornada.com\/?p=23522\",\"name\":\"Impulsan la producci\u00f3n de ma\u00edz y tub\u00e9rculos en Bol\u00edvar - Diario La Jornada\",\"isPartOf\":{\"@id\":\"https:\/\/diariolajornada.com\/#website\"},\"primaryImageOfPage\":{\"@id\":\"https:\/\/diariolajornada.com\/?p=23522#primaryimage\"},\"image\":{\"@id\":\"https:\/\/diariolajornada.com\/?p=23522#primaryimage\"},\"thumbnailUrl\":\"https:\/\/diariolajornada.com\/wp-content\/uploads\/2023\/07\/img_5654-1.jpg\",\"datePublished\":\"2023-07-26T00:06:09+00:00\",\"dateModified\":\"2023-07-26T00:06:16+00:00\",\"breadcrumb\":{\"@id\":\"https:\/\/diariolajornada.com\/?p=23522#breadcrumb\"},\"inLanguage\":\"es\",\"potentialAction\":[{\"@type\":\"ReadAction\",\"target\":[\"https:\/\/diariolajornada.com\/?p=23522\"]}]},{\"@type\":\"ImageObject\",\"inLanguage\":\"es\",\"@id\":\"https:\/\/diariolajornada.com\/?p=23522#primaryimage\",\"url\":\"https:\/\/diariolajornada.com\/wp-content\/uploads\/2023\/07\/img_5654-1.jpg\",\"contentUrl\":\"https:\/\/diariolajornada.com\/wp-content\/uploads\/2023\/07\/img_5654-1.jpg\",\"width\":990,\"height\":556},{\"@type\":\"BreadcrumbList\",\"@id\":\"https:\/\/diariolajornada.com\/?p=23522#breadcrumb\",\"itemListElement\":[{\"@type\":\"ListItem\",\"position\":1,\"name\":\"Portada\",\"item\":\"https:\/\/diariolajornada.com\/\"},{\"@type\":\"ListItem\",\"position\":2,\"name\":\"Impulsan la producci\u00f3n de ma\u00edz y tub\u00e9rculos en Bol\u00edvar\"}]},{\"@type\":\"WebSite\",\"@id\":\"https:\/\/diariolajornada.com\/#website\",\"url\":\"https:\/\/diariolajornada.com\/\",\"name\":\"Diario La Jornada\",\"description\":\"Noticias Nacionales Regionales e Internacionales\",\"publisher\":{\"@id\":\"https:\/\/diariolajornada.com\/#organization\"},\"potentialAction\":[{\"@type\":\"SearchAction\",\"target\":{\"@type\":\"EntryPoint\",\"urlTemplate\":\"https:\/\/diariolajornada.com\/?s={search_term_string}\"},\"query-input\":{\"@type\":\"PropertyValueSpecification\",\"valueRequired\":true,\"valueName\":\"search_term_string\"}}],\"inLanguage\":\"es\"},{\"@type\":\"Organization\",\"@id\":\"https:\/\/diariolajornada.com\/#organization\",\"name\":\"Diario La Jornada\",\"url\":\"https:\/\/diariolajornada.com\/\",\"logo\":{\"@type\":\"ImageObject\",\"inLanguage\":\"es\",\"@id\":\"https:\/\/diariolajornada.com\/#\/schema\/logo\/image\/\",\"url\":\"https:\/\/diariolajornada.com\/wp-content\/uploads\/2021\/06\/LOGO-JORNADA-SVG-01-02.svg\",\"contentUrl\":\"https:\/\/diariolajornada.com\/wp-content\/uploads\/2021\/06\/LOGO-JORNADA-SVG-01-02.svg\",\"width\":350,\"height\":100,\"caption\":\"Diario La Jornada\"},\"image\":{\"@id\":\"https:\/\/diariolajornada.com\/#\/schema\/logo\/image\/\"},\"sameAs\":[\"https:\/\/es-la.facebook.com\/lajornadadeguarico\/\",\"https:\/\/www.instagram.com\/diariojornada\/?hl=es\"]},{\"@type\":\"Person\",\"@id\":\"https:\/\/diariolajornada.com\/#\/schema\/person\/83fc9ad02376abb532ce4553a399186b\",\"name\":\"admin\",\"image\":{\"@type\":\"ImageObject\",\"inLanguage\":\"es\",\"@id\":\"https:\/\/diariolajornada.com\/#\/schema\/person\/image\/\",\"url\":\"https:\/\/secure.gravatar.com\/avatar\/fdcecb87f300ccb988450328a61211f10a01c8bfedfca54e932145534024045b?s=96&d=mm&r=g\",\"contentUrl\":\"https:\/\/secure.gravatar.com\/avatar\/fdcecb87f300ccb988450328a61211f10a01c8bfedfca54e932145534024045b?s=96&d=mm&r=g\",\"caption\":\"admin\"},\"sameAs\":[\"https:\/\/diariolajornada.com\"],\"url\":\"https:\/\/diariolajornada.com\/?author=1\"}]}<\/script>\n<!-- \/ Yoast SEO plugin. -->","yoast_head_json":{"title":"Impulsan la producci\u00f3n de ma\u00edz y tub\u00e9rculos en Bol\u00edvar - Diario La Jornada","robots":{"index":"index","follow":"follow","max-snippet":"max-snippet:-1","max-image-preview":"max-image-preview:large","max-video-preview":"max-video-preview:-1"},"canonical":"https:\/\/diariolajornada.com\/?p=23522","og_locale":"es_ES","og_type":"article","og_title":"Impulsan la producci\u00f3n de ma\u00edz y tub\u00e9rculos en Bol\u00edvar - Diario La Jornada","og_description":"@diariojornada Diario La Jornada. \u2013 A trav\u00e9s del Plan de Siembra Comunal, la gobernaci\u00f3n del estado Bol\u00edvar dio inicio a la entrega de cr\u00e9ditos a peque\u00f1os productores de la entidad para financiar el cultivo de ma\u00edz y tub\u00e9rculos durante el per\u00edodo de siembra 2023, as\u00ed lo inform\u00f3 el gobernador de esta entidad, \u00c1ngel Marcano, quien [&hellip;]","og_url":"https:\/\/diariolajornada.com\/?p=23522","og_site_name":"Diario La Jornada","article_publisher":"https:\/\/es-la.facebook.com\/lajornadadeguarico\/","article_published_time":"2023-07-26T00:06:09+00:00","article_modified_time":"2023-07-26T00:06:16+00:00","og_image":[{"width":990,"height":556,"url":"https:\/\/diariolajornada.com\/wp-content\/uploads\/2023\/07\/img_5654-1.jpg","type":"image\/jpeg"}],"author":"admin","twitter_card":"summary_large_image","twitter_misc":{"Escrito por":"admin","Tiempo de lectura":"1 minuto"},"schema":{"@context":"https:\/\/schema.org","@graph":[{"@type":"Article","@id":"https:\/\/diariolajornada.com\/?p=23522#article","isPartOf":{"@id":"https:\/\/diariolajornada.com\/?p=23522"},"author":{"name":"admin","@id":"https:\/\/diariolajornada.com\/#\/schema\/person\/83fc9ad02376abb532ce4553a399186b"},"headline":"Impulsan la producci\u00f3n de ma\u00edz y tub\u00e9rculos en Bol\u00edvar","datePublished":"2023-07-26T00:06:09+00:00","dateModified":"2023-07-26T00:06:16+00:00","mainEntityOfPage":{"@id":"https:\/\/diariolajornada.com\/?p=23522"},"wordCount":207,"commentCount":0,"publisher":{"@id":"https:\/\/diariolajornada.com\/#organization"},"image":{"@id":"https:\/\/diariolajornada.com\/?p=23522#primaryimage"},"thumbnailUrl":"https:\/\/diariolajornada.com\/wp-content\/uploads\/2023\/07\/img_5654-1.jpg","articleSection":["Regionales"],"inLanguage":"es","potentialAction":[{"@type":"CommentAction","name":"Comment","target":["https:\/\/diariolajornada.com\/?p=23522#respond"]}]},{"@type":"WebPage","@id":"https:\/\/diariolajornada.com\/?p=23522","url":"https:\/\/diariolajornada.com\/?p=23522","name":"Impulsan la producci\u00f3n de ma\u00edz y tub\u00e9rculos en Bol\u00edvar - Diario La Jornada","isPartOf":{"@id":"https:\/\/diariolajornada.com\/#website"},"primaryImageOfPage":{"@id":"https:\/\/diariolajornada.com\/?p=23522#primaryimage"},"image":{"@id":"https:\/\/diariolajornada.com\/?p=23522#primaryimage"},"thumbnailUrl":"https:\/\/diariolajornada.com\/wp-content\/uploads\/2023\/07\/img_5654-1.jpg","datePublished":"2023-07-26T00:06:09+00:00","dateModified":"2023-07-26T00:06:16+00:00","breadcrumb":{"@id":"https:\/\/diariolajornada.com\/?p=23522#breadcrumb"},"inLanguage":"es","potentialAction":[{"@type":"ReadAction","target":["https:\/\/diariolajornada.com\/?p=23522"]}]},{"@type":"ImageObject","inLanguage":"es","@id":"https:\/\/diariolajornada.com\/?p=23522#primaryimage","url":"https:\/\/diariolajornada.com\/wp-content\/uploads\/2023\/07\/img_5654-1.jpg","contentUrl":"https:\/\/diariolajornada.com\/wp-content\/uploads\/2023\/07\/img_5654-1.jpg","width":990,"height":556},{"@type":"BreadcrumbList","@id":"https:\/\/diariolajornada.com\/?p=23522#breadcrumb","itemListElement":[{"@type":"ListItem","position":1,"name":"Portada","item":"https:\/\/diariolajornada.com\/"},{"@type":"ListItem","position":2,"name":"Impulsan la producci\u00f3n de ma\u00edz y tub\u00e9rculos en Bol\u00edvar"}]},{"@type":"WebSite","@id":"https:\/\/diariolajornada.com\/#website","url":"https:\/\/diariolajornada.com\/","name":"Diario La Jornada","description":"Noticias Nacionales Regionales e Internacionales","publisher":{"@id":"https:\/\/diariolajornada.com\/#organization"},"potentialAction":[{"@type":"SearchAction","target":{"@type":"EntryPoint","urlTemplate":"https:\/\/diariolajornada.com\/?s={search_term_string}"},"query-input":{"@type":"PropertyValueSpecification","valueRequired":true,"valueName":"search_term_string"}}],"inLanguage":"es"},{"@type":"Organization","@id":"https:\/\/diariolajornada.com\/#organization","name":"Diario La Jornada","url":"https:\/\/diariolajornada.com\/","logo":{"@type":"ImageObject","inLanguage":"es","@id":"https:\/\/diariolajornada.com\/#\/schema\/logo\/image\/","url":"https:\/\/diariolajornada.com\/wp-content\/uploads\/2021\/06\/LOGO-JORNADA-SVG-01-02.svg","contentUrl":"https:\/\/diariolajornada.com\/wp-content\/uploads\/2021\/06\/LOGO-JORNADA-SVG-01-02.svg","width":350,"height":100,"caption":"Diario La Jornada"},"image":{"@id":"https:\/\/diariolajornada.com\/#\/schema\/logo\/image\/"},"sameAs":["https:\/\/es-la.facebook.com\/lajornadadeguarico\/","https:\/\/www.instagram.com\/diariojornada\/?hl=es"]},{"@type":"Person","@id":"https:\/\/diariolajornada.com\/#\/schema\/person\/83fc9ad02376abb532ce4553a399186b","name":"admin","image":{"@type":"ImageObject","inLanguage":"es","@id":"https:\/\/diariolajornada.com\/#\/schema\/person\/image\/","url":"https:\/\/secure.gravatar.com\/avatar\/fdcecb87f300ccb988450328a61211f10a01c8bfedfca54e932145534024045b?s=96&d=mm&r=g","contentUrl":"https:\/\/secure.gravatar.com\/avatar\/fdcecb87f300ccb988450328a61211f10a01c8bfedfca54e932145534024045b?s=96&d=mm&r=g","caption":"admin"},"sameAs":["https:\/\/diariolajornada.com"],"url":"https:\/\/diariolajornada.com\/?author=1"}]}},"_links":{"self":[{"href":"https:\/\/diariolajornada.com\/index.php?rest_route=\/wp\/v2\/posts\/23522","targetHints":{"allow":["GET"]}}],"collection":[{"href":"https:\/\/diariolajornada.com\/index.php?rest_route=\/wp\/v2\/posts"}],"about":[{"href":"https:\/\/diariolajornada.com\/index.php?rest_route=\/wp\/v2\/types\/post"}],"author":[{"embeddable":true,"href":"https:\/\/diariolajornada.com\/index.php?rest_route=\/wp\/v2\/users\/1"}],"replies":[{"embeddable":true,"href":"https:\/\/diariolajornada.com\/index.php?rest_route=%2Fwp%2Fv2%2Fcomments&post=23522"}],"version-history":[{"count":1,"href":"https:\/\/diariolajornada.com\/index.php?rest_route=\/wp\/v2\/posts\/23522\/revisions"}],"predecessor-version":[{"id":23523,"href":"https:\/\/diariolajornada.com\/index.php?rest_route=\/wp\/v2\/posts\/23522\/revisions\/23523"}],"wp:featuredmedia":[{"embeddable":true,"href":"https:\/\/diariolajornada.com\/index.php?rest_route=\/wp\/v2\/media\/23521"}],"wp:attachment":[{"href":"https:\/\/diariolajornada.com\/index.php?rest_route=%2Fwp%2Fv2%2Fmedia&parent=23522"}],"wp:term":[{"taxonomy":"category","embeddable":true,"href":"https:\/\/diariolajornada.com\/index.php?rest_route=%2Fwp%2Fv2%2Fcategories&post=23522"},{"taxonomy":"post_tag","embeddable":true,"href":"https:\/\/diariolajornada.com\/index.php?rest_route=%2Fwp%2Fv2%2Ftags&post=23522"}],"curies":[{"name":"wp","href":"https:\/\/api.w.org\/{rel}","templated":true}]}}